{"id":3140,"date":"2022-05-20T21:10:25","date_gmt":"2022-05-21T00:10:25","guid":{"rendered":"https:\/\/wp.ufpel.edu.br\/spaf\/?p=3140"},"modified":"2022-05-20T21:10:25","modified_gmt":"2022-05-21T00:10:25","slug":"selecao-extra-de-aluno-regular-segundo-semestre-2022","status":"publish","type":"post","link":"https:\/\/wp.ufpel.edu.br\/spaf\/2022\/05\/20\/selecao-extra-de-aluno-regular-segundo-semestre-2022\/","title":{"rendered":"SELE\u00c7\u00c3O EXTRA DE ALUNO REGULAR \u2013 SEGUNDO SEMESTRE\/2022"},"content":{"rendered":"<p>A Universidade Federal de Pelotas em conformidade com o Regimento Stricto Sensu da Pr\u00f3-Reitoria de Pesquisa, P\u00f3s-Gradua\u00e7\u00e3o e a Coordena\u00e7\u00e3o do Programa de P\u00f3s-Gradua\u00e7\u00e3o em Sistemas de Produ\u00e7\u00e3o Agr\u00edcola Familiar tornam p\u00fablico, para conhecimento dos interessados, o processo de sele\u00e7\u00e3o dos candidatos a mestrado e doutorado do referido Programa, nos termos estabelecidos no Edital 069\/2022.<\/p>\n<p>As inscri\u00e7\u00f5es estar\u00e3o abertas at\u00e9 o dia 15\/06\/2022<\/p>\n<p><a href=\"https:\/\/wp.ufpel.edu.br\/spaf\/files\/2022\/05\/Edital-Aluno-Regular-SPAF-2022_02-FINAL_Retificado.pdf\">Edital Aluno Regular SPAF 2022_02 FINAL_Retificado<\/a><\/p>\n<p><a href=\"https:\/\/wp.ufpel.edu.br\/spaf\/files\/2022\/05\/Anexo-I.xlsx\">Anexo I<\/a><\/p>\n<p><a href=\"https:\/\/wp.ufpel.edu.br\/spaf\/files\/2022\/05\/Anexo-II.xlsx\">Anexo II<\/a><\/p>\n<p><a href=\"https:\/\/wp.ufpel.edu.br\/spaf\/files\/2022\/05\/Anexo-III.pdf\">Anexo III<\/a><\/p>\n<p><a href=\"https:\/\/wp.ufpel.edu.br\/spaf\/files\/2022\/05\/Anexo-IV.pdf\">Anexo IV<\/a><\/p>\n<p><a href=\"https:\/\/wp.ufpel.edu.br\/spaf\/files\/2022\/05\/Formulario_Inscricao_2022.docx\">Formulario_Inscricao_2022<\/a><\/p>\n<p><a href=\"https:\/\/wp.ufpel.edu.br\/spaf\/files\/2022\/05\/Tutorial-para-combinar-arquivos-em-PDF.pdf\">Tutorial-para-combinar-arquivos-em-PDF<\/a><\/p>\n<p>&nbsp;<\/p>\n","protected":false},"excerpt":{"rendered":"<p>A Universidade Federal de Pelotas em conformidade com o Regimento Stricto Sensu da Pr\u00f3-Reitoria de Pesquisa, P\u00f3s-Gradua\u00e7\u00e3o e a Coordena\u00e7\u00e3o do Programa de P\u00f3s-Gradua\u00e7\u00e3o em Sistemas de Produ\u00e7\u00e3o Agr\u00edcola Familiar tornam p\u00fablico, para conhecimento dos interessados, o processo de sele\u00e7\u00e3o dos candidatos a mestrado e doutorado do referido Programa, nos termos estabelecidos no Edital 069\/2022. [&hellip;]<\/p>\n","protected":false},"author":530,"featured_media":0,"comment_status":"closed","ping_status":"closed","sticky":false,"template":"","format":"standard","meta":{"jetpack_post_was_ever_published":false,"_jetpack_newsletter_access":"","_jetpack_dont_email_post_to_subs":false,"_jetpack_newsletter_tier_id":0,"_jetpack_memberships_contains_paywalled_content":false,"_jetpack_memberships_contains_paid_content":false,"footnotes":"","jetpack_publicize_message":"","jetpack_publicize_feature_enabled":true,"jetpack_social_post_already_shared":true,"jetpack_social_options":{"image_generator_settings":{"template":"highway","default_image_id":0,"font":"","enabled":false},"version":2}},"categories":[1],"tags":[],"class_list":["post-3140","post","type-post","status-publish","format-standard","hentry","category-noticias"],"jetpack_publicize_connections":[],"jetpack_featured_media_url":"","jetpack_shortlink":"https:\/\/wp.me\/p7gUJD-OE","jetpack-related-posts":[],"jetpack_sharing_enabled":true,"_links":{"self":[{"href":"https:\/\/wp.ufpel.edu.br\/spaf\/wp-json\/wp\/v2\/posts\/3140","targetHints":{"allow":["GET"]}}],"collection":[{"href":"https:\/\/wp.ufpel.edu.br\/spaf\/wp-json\/wp\/v2\/posts"}],"about":[{"href":"https:\/\/wp.ufpel.edu.br\/spaf\/wp-json\/wp\/v2\/types\/post"}],"author":[{"embeddable":true,"href":"https:\/\/wp.ufpel.edu.br\/spaf\/wp-json\/wp\/v2\/users\/530"}],"replies":[{"embeddable":true,"href":"https:\/\/wp.ufpel.edu.br\/spaf\/wp-json\/wp\/v2\/comments?post=3140"}],"version-history":[{"count":2,"href":"https:\/\/wp.ufpel.edu.br\/spaf\/wp-json\/wp\/v2\/posts\/3140\/revisions"}],"predecessor-version":[{"id":3150,"href":"https:\/\/wp.ufpel.edu.br\/spaf\/wp-json\/wp\/v2\/posts\/3140\/revisions\/3150"}],"wp:attachment":[{"href":"https:\/\/wp.ufpel.edu.br\/spaf\/wp-json\/wp\/v2\/media?parent=3140"}],"wp:term":[{"taxonomy":"category","embeddable":true,"href":"https:\/\/wp.ufpel.edu.br\/spaf\/wp-json\/wp\/v2\/categories?post=3140"},{"taxonomy":"post_tag","embeddable":true,"href":"https:\/\/wp.ufpel.edu.br\/spaf\/wp-json\/wp\/v2\/tags?post=3140"}],"curies":[{"name":"wp","href":"https:\/\/api.w.org\/{rel}","templated":true}]}}