{"id":698,"date":"2018-10-29T17:37:06","date_gmt":"2018-10-29T20:37:06","guid":{"rendered":"https:\/\/wp.ufpel.edu.br\/sovet\/?p=698"},"modified":"2018-10-29T18:31:15","modified_gmt":"2018-10-29T21:31:15","slug":"i-ciclo-de-palestras-em-oncologia-veterinaria","status":"publish","type":"post","link":"https:\/\/wp.ufpel.edu.br\/sovet\/2018\/10\/29\/i-ciclo-de-palestras-em-oncologia-veterinaria\/","title":{"rendered":"I Ciclo de Palestras em Oncologia Veterin\u00e1ria"},"content":{"rendered":"<p>As inscri\u00e7\u00f5es est\u00e3o abertas! As vagas s\u00e3o LIMITADAS!!<br \/>\nComo se inscrever: na secretaria do SOVET, no Depto de Patologia, <strong>no sagu\u00e3o da FaVet (29\/10 a 02\/11 das 12 \u00e0s 14h)<\/strong> ou atrav\u00e9s do link abaixo<\/p>\n<p>(<a href=\"https:\/\/goo.gl\/forms\/YvzclTsw4RVPlFq73?fbclid=IwAR3PEQNr-ym3LIxlXyP6uXEoiYUO-wrGHBQKiPmJPRMJE5T_uDr9ECrBApw\" target=\"_blank\" rel=\"noopener nofollow\">https:\/\/goo.gl\/forms\/YvzclTsw4RVPlFq73<\/a>)<br \/>\nObs: A inscri\u00e7\u00e3o s\u00f3 ser\u00e1 confirmada mediante pagamento da taxa.<br \/>\nExclusivamente para participantes n\u00e3o vinculados a UFPEL ser\u00e1 permitido pagamento no ato do credenciamento.<\/p>\n<p>Mais informa\u00e7\u00f5es:\u00a0<a href=\"https:\/\/www.facebook.com\/events\/1077377449110705\/?acontext=%7B%22action_history%22%3A%22[%7B%5C%22surface%5C%22%3A%5C%22page%5C%22%2C%5C%22mechanism%5C%22%3A%5C%22page_upcoming_events_card%5C%22%2C%5C%22extra_data%5C%22%3A[]%7D]%22%2C%22has_source%22%3Atrue%7D\">Evento do I Ciclo de Palestras em Oncologia no Facebook<\/a><\/p>\n<p><img decoding=\"async\" src=\"https:\/\/scontent.fpoa10-1.fna.fbcdn.net\/v\/t1.0-9\/44692607_1132757130220807_6382154091404984320_n.jpg?_nc_cat=109&amp;_nc_ht=scontent.fpoa10-1.fna&amp;oh=3ae0f638e4cefaf7037b74f7abe506ec&amp;oe=5C411026\" alt=\"A imagem pode conter: 5 pessoas, pessoas sorrindo, texto\" \/><\/p>\n","protected":false},"excerpt":{"rendered":"<p>As inscri\u00e7\u00f5es est\u00e3o abertas! As vagas s\u00e3o LIMITADAS!! Como se inscrever: na secretaria do SOVET, no Depto de Patologia, no sagu\u00e3o da FaVet (29\/10 a 02\/11 das 12 \u00e0s 14h) ou atrav\u00e9s do link abaixo (https:\/\/goo.gl\/forms\/YvzclTsw4RVPlFq73) Obs: A inscri\u00e7\u00e3o s\u00f3 &hellip; <a href=\"https:\/\/wp.ufpel.edu.br\/sovet\/2018\/10\/29\/i-ciclo-de-palestras-em-oncologia-veterinaria\/\">Continue lendo <span class=\"meta-nav\">&rarr;<\/span><\/a><\/p>\n","protected":false},"author":356,"featured_media":0,"comment_status":"closed","ping_status":"closed","sticky":false,"template":"","format":"standard","meta":{"_jetpack_memberships_contains_paid_content":false,"footnotes":""},"categories":[18],"tags":[],"class_list":["post-698","post","type-post","status-publish","format-standard","hentry","category-sem-categoria"],"jetpack_featured_media_url":"","jetpack_sharing_enabled":true,"_links":{"self":[{"href":"https:\/\/wp.ufpel.edu.br\/sovet\/wp-json\/wp\/v2\/posts\/698","targetHints":{"allow":["GET"]}}],"collection":[{"href":"https:\/\/wp.ufpel.edu.br\/sovet\/wp-json\/wp\/v2\/posts"}],"about":[{"href":"https:\/\/wp.ufpel.edu.br\/sovet\/wp-json\/wp\/v2\/types\/post"}],"author":[{"embeddable":true,"href":"https:\/\/wp.ufpel.edu.br\/sovet\/wp-json\/wp\/v2\/users\/356"}],"replies":[{"embeddable":true,"href":"https:\/\/wp.ufpel.edu.br\/sovet\/wp-json\/wp\/v2\/comments?post=698"}],"version-history":[{"count":2,"href":"https:\/\/wp.ufpel.edu.br\/sovet\/wp-json\/wp\/v2\/posts\/698\/revisions"}],"predecessor-version":[{"id":700,"href":"https:\/\/wp.ufpel.edu.br\/sovet\/wp-json\/wp\/v2\/posts\/698\/revisions\/700"}],"wp:attachment":[{"href":"https:\/\/wp.ufpel.edu.br\/sovet\/wp-json\/wp\/v2\/media?parent=698"}],"wp:term":[{"taxonomy":"category","embeddable":true,"href":"https:\/\/wp.ufpel.edu.br\/sovet\/wp-json\/wp\/v2\/categories?post=698"},{"taxonomy":"post_tag","embeddable":true,"href":"https:\/\/wp.ufpel.edu.br\/sovet\/wp-json\/wp\/v2\/tags?post=698"}],"curies":[{"name":"wp","href":"https:\/\/api.w.org\/{rel}","templated":true}]}}