{"id":579,"date":"2018-06-10T16:42:13","date_gmt":"2018-06-10T19:42:13","guid":{"rendered":"https:\/\/wp.ufpel.edu.br\/sovet\/?p=579"},"modified":"2018-08-17T19:23:13","modified_gmt":"2018-08-17T22:23:13","slug":"aniversario-de-3-anos-da-pet-shop-entre-patas-e-pelos","status":"publish","type":"post","link":"https:\/\/wp.ufpel.edu.br\/sovet\/2018\/06\/10\/aniversario-de-3-anos-da-pet-shop-entre-patas-e-pelos\/","title":{"rendered":"Anivers\u00e1rio de 3 anos da Pet Shop Entre Patas e Pelos"},"content":{"rendered":"<p>S\u00e1bado de sol, com festa pr\u00e1 cachorro? SOVET: presente!<\/p>\n<p>Foi uma festa muito bacana! A alegria e cordialidade dos anfitri\u00f5es, Alisson e Francine, sempre nos encanta!<\/p>\n<p>Adoramos participar novamente esse ano. Em preparativos para comemorar os 4, 5, &#8230; 10 e muitos anos mais!<\/p>\n<div id=\"attachment_582\" style=\"width: 527px\" class=\"wp-caption alignnone\"><a href=\"https:\/\/wp.ufpel.edu.br\/sovet\/files\/2018\/06\/20180610_162906.jpg\"><img loading=\"lazy\" decoding=\"async\" aria-describedby=\"caption-attachment-582\" class=\"wp-image-582\" src=\"https:\/\/wp.ufpel.edu.br\/sovet\/files\/2018\/06\/20180610_162906-400x400.jpg\" alt=\"\" width=\"517\" height=\"517\" srcset=\"https:\/\/wp.ufpel.edu.br\/sovet\/files\/2018\/06\/20180610_162906-400x400.jpg 400w, https:\/\/wp.ufpel.edu.br\/sovet\/files\/2018\/06\/20180610_162906-200x200.jpg 200w, https:\/\/wp.ufpel.edu.br\/sovet\/files\/2018\/06\/20180610_162906-768x768.jpg 768w, https:\/\/wp.ufpel.edu.br\/sovet\/files\/2018\/06\/20180610_162906-1024x1024.jpg 1024w, https:\/\/wp.ufpel.edu.br\/sovet\/files\/2018\/06\/20180610_162906.jpg 1920w\" sizes=\"auto, (max-width: 517px) 100vw, 517px\" \/><\/a><p id=\"caption-attachment-582\" class=\"wp-caption-text\">Nossa equipe, acompanhada de visitas ilustres<\/p><\/div>\n<p>&nbsp;<\/p>\n","protected":false},"excerpt":{"rendered":"<p>S\u00e1bado de sol, com festa pr\u00e1 cachorro? SOVET: presente! Foi uma festa muito bacana! A alegria e cordialidade dos anfitri\u00f5es, Alisson e Francine, sempre nos encanta! Adoramos participar novamente esse ano. Em preparativos para comemorar os 4, 5, &#8230; 10 &hellip; <a href=\"https:\/\/wp.ufpel.edu.br\/sovet\/2018\/06\/10\/aniversario-de-3-anos-da-pet-shop-entre-patas-e-pelos\/\">Continue lendo <span class=\"meta-nav\">&rarr;<\/span><\/a><\/p>\n","protected":false},"author":356,"featured_media":0,"comment_status":"closed","ping_status":"closed","sticky":false,"template":"","format":"standard","meta":{"_jetpack_memberships_contains_paid_content":false,"footnotes":""},"categories":[18],"tags":[54446,54462,54473,54444],"class_list":["post-579","post","type-post","status-publish","format-standard","hentry","category-sem-categoria","tag-cancer-canino","tag-equipe","tag-extensao","tag-sovet-ufpel"],"jetpack_featured_media_url":"","jetpack_sharing_enabled":true,"_links":{"self":[{"href":"https:\/\/wp.ufpel.edu.br\/sovet\/wp-json\/wp\/v2\/posts\/579","targetHints":{"allow":["GET"]}}],"collection":[{"href":"https:\/\/wp.ufpel.edu.br\/sovet\/wp-json\/wp\/v2\/posts"}],"about":[{"href":"https:\/\/wp.ufpel.edu.br\/sovet\/wp-json\/wp\/v2\/types\/post"}],"author":[{"embeddable":true,"href":"https:\/\/wp.ufpel.edu.br\/sovet\/wp-json\/wp\/v2\/users\/356"}],"replies":[{"embeddable":true,"href":"https:\/\/wp.ufpel.edu.br\/sovet\/wp-json\/wp\/v2\/comments?post=579"}],"version-history":[{"count":4,"href":"https:\/\/wp.ufpel.edu.br\/sovet\/wp-json\/wp\/v2\/posts\/579\/revisions"}],"predecessor-version":[{"id":583,"href":"https:\/\/wp.ufpel.edu.br\/sovet\/wp-json\/wp\/v2\/posts\/579\/revisions\/583"}],"wp:attachment":[{"href":"https:\/\/wp.ufpel.edu.br\/sovet\/wp-json\/wp\/v2\/media?parent=579"}],"wp:term":[{"taxonomy":"category","embeddable":true,"href":"https:\/\/wp.ufpel.edu.br\/sovet\/wp-json\/wp\/v2\/categories?post=579"},{"taxonomy":"post_tag","embeddable":true,"href":"https:\/\/wp.ufpel.edu.br\/sovet\/wp-json\/wp\/v2\/tags?post=579"}],"curies":[{"name":"wp","href":"https:\/\/api.w.org\/{rel}","templated":true}]}}