{"id":398,"date":"2025-06-23T11:02:37","date_gmt":"2025-06-23T14:02:37","guid":{"rendered":"https:\/\/wp.ufpel.edu.br\/smcena\/?p=398"},"modified":"2025-06-23T11:21:56","modified_gmt":"2025-06-23T14:21:56","slug":"reuniao-na-smed-educacao-para-saude-mental-em-discussao","status":"publish","type":"post","link":"https:\/\/wp.ufpel.edu.br\/smcena\/2025\/06\/23\/reuniao-na-smed-educacao-para-saude-mental-em-discussao\/","title":{"rendered":"Reuni\u00e3o na SMED: educa\u00e7\u00e3o para sa\u00fade mental em discuss\u00e3o."},"content":{"rendered":"<p>Na tarde do dia 4 de junho, os coordenadores do Sa\u00fade Mental em Cena, Dinarte Ballester (medicina) e Marina de Oliveira (teatro), estiveram no audit\u00f3rio da Secretaria Municipal de Educa\u00e7\u00e3o (SMED) para compartilhar as a\u00e7\u00f5es do projeto de extens\u00e3o. Na ocasi\u00e3o, em parceria com o Centro de Interven\u00e7\u00e3o e Media\u00e7\u00e3o Educacional (CIME), os professores da UFPel apresentaram o projeto e divulgaram duas oficinas de capacita\u00e7\u00e3o que ocorreram para profissionais da SMED, da sa\u00fade, e professores. A primeira oficina aconteceu nos dias 21\/11, 28\/11 e 5\/12 de 2024. A segunda, nos dias 14\/5, 21\/5 e 28\/5 de 2025. Os profissionais que participaram das a\u00e7\u00f5es ser\u00e3o multiplicadores da proposta de promo\u00e7\u00e3o da sa\u00fade mental nas escolas. A secret\u00e1ria da educa\u00e7\u00e3o do munic\u00edpio em exerc\u00edcio, professora Nail\u00ea Pinto, agradeceu a iniciativa dos docentes de compartilharem o projeto de extens\u00e3o com a SMED, saudando a parceria entre e a Universidade e a Secretaria Municipal da Educa\u00e7\u00e3o com o intuito de levar as rodas de brincadeiras e conversa sobre sa\u00fade mental para as institui\u00e7\u00f5es de ensino da cidade.<\/p>\n<p>&nbsp;<\/p>\n","protected":false},"excerpt":{"rendered":"<p>Na tarde do dia 4 de junho, os coordenadores do Sa\u00fade Mental em Cena, Dinarte Ballester (medicina) e Marina de Oliveira (teatro), estiveram no audit\u00f3rio da Secretaria Municipal de Educa\u00e7\u00e3o (SMED) para compartilhar as a\u00e7\u00f5es do projeto de extens\u00e3o. Na ocasi\u00e3o, em parceria com o Centro de Interven\u00e7\u00e3o e Media\u00e7\u00e3o Educacional (CIME), os professores da [&hellip;]<\/p>\n","protected":false},"author":1240,"featured_media":407,"comment_status":"closed","ping_status":"closed","sticky":false,"template":"","format":"standard","meta":{"_jetpack_memberships_contains_paid_content":false,"footnotes":""},"categories":[1],"tags":[],"class_list":{"0":"post-398","1":"post","2":"type-post","3":"status-publish","4":"format-standard","5":"has-post-thumbnail","6":"hentry","7":"category-noticias","9":"post-with-thumbnail","10":"post-with-thumbnail-large"},"jetpack_featured_media_url":"https:\/\/wp.ufpel.edu.br\/smcena\/files\/2025\/06\/Reuniao-SMED.jpg","jetpack_sharing_enabled":true,"_links":{"self":[{"href":"https:\/\/wp.ufpel.edu.br\/smcena\/wp-json\/wp\/v2\/posts\/398","targetHints":{"allow":["GET"]}}],"collection":[{"href":"https:\/\/wp.ufpel.edu.br\/smcena\/wp-json\/wp\/v2\/posts"}],"about":[{"href":"https:\/\/wp.ufpel.edu.br\/smcena\/wp-json\/wp\/v2\/types\/post"}],"author":[{"embeddable":true,"href":"https:\/\/wp.ufpel.edu.br\/smcena\/wp-json\/wp\/v2\/users\/1240"}],"replies":[{"embeddable":true,"href":"https:\/\/wp.ufpel.edu.br\/smcena\/wp-json\/wp\/v2\/comments?post=398"}],"version-history":[{"count":4,"href":"https:\/\/wp.ufpel.edu.br\/smcena\/wp-json\/wp\/v2\/posts\/398\/revisions"}],"predecessor-version":[{"id":409,"href":"https:\/\/wp.ufpel.edu.br\/smcena\/wp-json\/wp\/v2\/posts\/398\/revisions\/409"}],"wp:featuredmedia":[{"embeddable":true,"href":"https:\/\/wp.ufpel.edu.br\/smcena\/wp-json\/wp\/v2\/media\/407"}],"wp:attachment":[{"href":"https:\/\/wp.ufpel.edu.br\/smcena\/wp-json\/wp\/v2\/media?parent=398"}],"wp:term":[{"taxonomy":"category","embeddable":true,"href":"https:\/\/wp.ufpel.edu.br\/smcena\/wp-json\/wp\/v2\/categories?post=398"},{"taxonomy":"post_tag","embeddable":true,"href":"https:\/\/wp.ufpel.edu.br\/smcena\/wp-json\/wp\/v2\/tags?post=398"}],"curies":[{"name":"wp","href":"https:\/\/api.w.org\/{rel}","templated":true}]}}