{"id":988,"date":"2014-09-04T13:32:11","date_gmt":"2014-09-04T16:32:11","guid":{"rendered":"https:\/\/wp.ufpel.edu.br\/sisbi\/?p=988"},"modified":"2014-09-05T13:35:42","modified_gmt":"2014-09-05T16:35:42","slug":"bibliotecas-com-horario-diferenciado-na-proxima-semana","status":"publish","type":"post","link":"https:\/\/wp.ufpel.edu.br\/sisbi\/2014\/09\/04\/bibliotecas-com-horario-diferenciado-na-proxima-semana\/","title":{"rendered":"Bibliotecas com hor\u00e1rio diferenciado na pr\u00f3xima semana"},"content":{"rendered":"<p style=\"color: #666666\">A Coordena\u00e7\u00e3o de Bibliotecas\u00a0(CBib), informa que na semana dos dias 8 a 12 de Setembro, devido ao\u00a0Congresso de Inicia\u00e7\u00e3o Cient\u00edfica (CIC), do Encontro de P\u00f3s-Gradua\u00e7\u00e3o e do Congresso de Extens\u00e3o e Cultura da UFPel, o expediente das bibliotecas ser\u00e1 das 8:00 \u00e0s 14:00 horas, com\u00a0exce\u00e7\u00e3o\u00a0das bibliotecas de Medicina e Campus Porto que ter\u00e3o\u00a0seu expediente das 8:00 \u00e0s 17:00 horas.<\/p>\n","protected":false},"excerpt":{"rendered":"<p>A Coordena\u00e7\u00e3o de Bibliotecas\u00a0(CBib), informa que na semana dos dias 8 a 12 de Setembro, devido ao\u00a0Congresso de Inicia\u00e7\u00e3o Cient\u00edfica (CIC), do Encontro de P\u00f3s-Gradua\u00e7\u00e3o e do Congresso de Extens\u00e3o e Cultura da UFPel, o expediente das bibliotecas ser\u00e1 das 8:00 \u00e0s 14:00 horas, com\u00a0exce\u00e7\u00e3o\u00a0das bibliotecas de Medicina e Campus Porto que ter\u00e3o\u00a0seu expediente das [&hellip;]<\/p>\n","protected":false},"author":37,"featured_media":0,"comment_status":"closed","ping_status":"open","sticky":false,"template":"","format":"standard","meta":{"footnotes":""},"categories":[1],"tags":[],"class_list":["post-988","post","type-post","status-publish","format-standard","hentry","category-noticias"],"jetpack_featured_media_url":"","_links":{"self":[{"href":"https:\/\/wp.ufpel.edu.br\/sisbi\/wp-json\/wp\/v2\/posts\/988","targetHints":{"allow":["GET"]}}],"collection":[{"href":"https:\/\/wp.ufpel.edu.br\/sisbi\/wp-json\/wp\/v2\/posts"}],"about":[{"href":"https:\/\/wp.ufpel.edu.br\/sisbi\/wp-json\/wp\/v2\/types\/post"}],"author":[{"embeddable":true,"href":"https:\/\/wp.ufpel.edu.br\/sisbi\/wp-json\/wp\/v2\/users\/37"}],"replies":[{"embeddable":true,"href":"https:\/\/wp.ufpel.edu.br\/sisbi\/wp-json\/wp\/v2\/comments?post=988"}],"version-history":[{"count":4,"href":"https:\/\/wp.ufpel.edu.br\/sisbi\/wp-json\/wp\/v2\/posts\/988\/revisions"}],"predecessor-version":[{"id":992,"href":"https:\/\/wp.ufpel.edu.br\/sisbi\/wp-json\/wp\/v2\/posts\/988\/revisions\/992"}],"wp:attachment":[{"href":"https:\/\/wp.ufpel.edu.br\/sisbi\/wp-json\/wp\/v2\/media?parent=988"}],"wp:term":[{"taxonomy":"category","embeddable":true,"href":"https:\/\/wp.ufpel.edu.br\/sisbi\/wp-json\/wp\/v2\/categories?post=988"},{"taxonomy":"post_tag","embeddable":true,"href":"https:\/\/wp.ufpel.edu.br\/sisbi\/wp-json\/wp\/v2\/tags?post=988"}],"curies":[{"name":"wp","href":"https:\/\/api.w.org\/{rel}","templated":true}]}}