{"id":3562,"date":"2018-08-02T13:45:17","date_gmt":"2018-08-02T16:45:17","guid":{"rendered":"https:\/\/wp.ufpel.edu.br\/sisbi\/?p=3562"},"modified":"2018-08-02T13:45:17","modified_gmt":"2018-08-02T16:45:17","slug":"no-mes-de-agosto-os-parabens-vai-para-2","status":"publish","type":"post","link":"https:\/\/wp.ufpel.edu.br\/sisbi\/2018\/08\/02\/no-mes-de-agosto-os-parabens-vai-para-2\/","title":{"rendered":"No m\u00eas de agosto os parab\u00e9ns vai para\u2026"},"content":{"rendered":"<p><a href=\"https:\/\/wp.ufpel.edu.br\/sisbi\/files\/2017\/08\/PAZ-AMOR-e-que-todos-os-seusSONHOS.jpg\"><img class=\"size-full wp-image-2847 alignleft\" src=\"https:\/\/wp.ufpel.edu.br\/sisbi\/files\/2017\/08\/PAZ-AMOR-e-que-todos-os-seusSONHOS.jpg\" alt=\"\" width=\"336\" height=\"280\" \/><\/a><\/p>\n<p>Desejamos um feliz anivers\u00e1rio \u00e0 todos os aniversariantes do m\u00eas de agosto!!!<\/p>\n<p>4 de agosto \u2013 Rudi Erial Aquino Porto<\/p>\n<p>17 de agosto \u2013 Patr\u00edcia Oliveira<\/p>\n<p>20 de agosto \u2013 Daiane de Almeida Schramm<\/p>\n<p>25 de agosto \u2013 Matheus Ribeiro Pereira<\/p>\n<p>28 de agosto \u2013 Giovanna Povoa Milione<\/p>\n","protected":false},"excerpt":{"rendered":"<p>Desejamos um feliz anivers\u00e1rio \u00e0 todos os aniversariantes do m\u00eas de agosto!!! 4 de agosto \u2013 Rudi Erial Aquino Porto 17 de agosto \u2013 Patr\u00edcia Oliveira 20 de agosto \u2013 Daiane de Almeida Schramm 25 de agosto \u2013 Matheus Ribeiro Pereira 28 de agosto \u2013 Giovanna Povoa Milione<\/p>\n","protected":false},"author":37,"featured_media":0,"comment_status":"closed","ping_status":"closed","sticky":false,"template":"","format":"standard","meta":{"footnotes":""},"categories":[1],"tags":[],"class_list":["post-3562","post","type-post","status-publish","format-standard","hentry","category-noticias"],"jetpack_featured_media_url":"","_links":{"self":[{"href":"https:\/\/wp.ufpel.edu.br\/sisbi\/wp-json\/wp\/v2\/posts\/3562","targetHints":{"allow":["GET"]}}],"collection":[{"href":"https:\/\/wp.ufpel.edu.br\/sisbi\/wp-json\/wp\/v2\/posts"}],"about":[{"href":"https:\/\/wp.ufpel.edu.br\/sisbi\/wp-json\/wp\/v2\/types\/post"}],"author":[{"embeddable":true,"href":"https:\/\/wp.ufpel.edu.br\/sisbi\/wp-json\/wp\/v2\/users\/37"}],"replies":[{"embeddable":true,"href":"https:\/\/wp.ufpel.edu.br\/sisbi\/wp-json\/wp\/v2\/comments?post=3562"}],"version-history":[{"count":1,"href":"https:\/\/wp.ufpel.edu.br\/sisbi\/wp-json\/wp\/v2\/posts\/3562\/revisions"}],"predecessor-version":[{"id":3564,"href":"https:\/\/wp.ufpel.edu.br\/sisbi\/wp-json\/wp\/v2\/posts\/3562\/revisions\/3564"}],"wp:attachment":[{"href":"https:\/\/wp.ufpel.edu.br\/sisbi\/wp-json\/wp\/v2\/media?parent=3562"}],"wp:term":[{"taxonomy":"category","embeddable":true,"href":"https:\/\/wp.ufpel.edu.br\/sisbi\/wp-json\/wp\/v2\/categories?post=3562"},{"taxonomy":"post_tag","embeddable":true,"href":"https:\/\/wp.ufpel.edu.br\/sisbi\/wp-json\/wp\/v2\/tags?post=3562"}],"curies":[{"name":"wp","href":"https:\/\/api.w.org\/{rel}","templated":true}]}}