{"id":3172,"date":"2018-02-05T15:36:35","date_gmt":"2018-02-05T17:36:35","guid":{"rendered":"https:\/\/wp.ufpel.edu.br\/sisbi\/?p=3172"},"modified":"2018-02-05T15:36:51","modified_gmt":"2018-02-05T17:36:51","slug":"retificacao-do-edital-01-2018","status":"publish","type":"post","link":"https:\/\/wp.ufpel.edu.br\/sisbi\/2018\/02\/05\/retificacao-do-edital-01-2018\/","title":{"rendered":"Retifica\u00e7\u00e3o do Edital 01\/2018"},"content":{"rendered":"<p><a href=\"https:\/\/wp.ufpel.edu.br\/sisbi\/files\/2017\/11\/1234.jpg\"><img class=\"wp-image-3049 alignleft\" src=\"https:\/\/wp.ufpel.edu.br\/sisbi\/files\/2017\/11\/1234.jpg\" alt=\"\" width=\"328\" height=\"243\" srcset=\"https:\/\/wp.ufpel.edu.br\/sisbi\/files\/2017\/11\/1234.jpg 1368w, https:\/\/wp.ufpel.edu.br\/sisbi\/files\/2017\/11\/1234-400x296.jpg 400w, https:\/\/wp.ufpel.edu.br\/sisbi\/files\/2017\/11\/1234-768x569.jpg 768w, https:\/\/wp.ufpel.edu.br\/sisbi\/files\/2017\/11\/1234-1024x759.jpg 1024w\" sizes=\"(max-width: 328px) 100vw, 328px\" \/><\/a>Retifica\u00e7\u00e3o do Edital 01\/2018 da Coordena\u00e7\u00e3o de Bibliotecas &#8211; N\u00facleo de Apoio aos Peri\u00f3dicos<\/p>\n<p>No item 2 DAS CONDI\u00c7\u00d5ES DE PARTICIPA\u00c7\u00c3O<\/p>\n<p>Aonde l\u00ea-se :<\/p>\n<p>&#8220;Deve estar indexada na Rede Cariniana&#8221;<\/p>\n<p>esta deve ser desconsiderada.<\/p>\n<p>Agradecemos<\/p>\n<p>&nbsp;<\/p>\n","protected":false},"excerpt":{"rendered":"<p>Retifica\u00e7\u00e3o do Edital 01\/2018 da Coordena\u00e7\u00e3o de Bibliotecas &#8211; N\u00facleo de Apoio aos Peri\u00f3dicos No item 2 DAS CONDI\u00c7\u00d5ES DE PARTICIPA\u00c7\u00c3O Aonde l\u00ea-se : &#8220;Deve estar indexada na Rede Cariniana&#8221; esta deve ser desconsiderada. Agradecemos &nbsp;<\/p>\n","protected":false},"author":37,"featured_media":0,"comment_status":"closed","ping_status":"closed","sticky":false,"template":"","format":"standard","meta":{"footnotes":""},"categories":[1],"tags":[],"class_list":["post-3172","post","type-post","status-publish","format-standard","hentry","category-noticias"],"jetpack_featured_media_url":"","_links":{"self":[{"href":"https:\/\/wp.ufpel.edu.br\/sisbi\/wp-json\/wp\/v2\/posts\/3172","targetHints":{"allow":["GET"]}}],"collection":[{"href":"https:\/\/wp.ufpel.edu.br\/sisbi\/wp-json\/wp\/v2\/posts"}],"about":[{"href":"https:\/\/wp.ufpel.edu.br\/sisbi\/wp-json\/wp\/v2\/types\/post"}],"author":[{"embeddable":true,"href":"https:\/\/wp.ufpel.edu.br\/sisbi\/wp-json\/wp\/v2\/users\/37"}],"replies":[{"embeddable":true,"href":"https:\/\/wp.ufpel.edu.br\/sisbi\/wp-json\/wp\/v2\/comments?post=3172"}],"version-history":[{"count":2,"href":"https:\/\/wp.ufpel.edu.br\/sisbi\/wp-json\/wp\/v2\/posts\/3172\/revisions"}],"predecessor-version":[{"id":3178,"href":"https:\/\/wp.ufpel.edu.br\/sisbi\/wp-json\/wp\/v2\/posts\/3172\/revisions\/3178"}],"wp:attachment":[{"href":"https:\/\/wp.ufpel.edu.br\/sisbi\/wp-json\/wp\/v2\/media?parent=3172"}],"wp:term":[{"taxonomy":"category","embeddable":true,"href":"https:\/\/wp.ufpel.edu.br\/sisbi\/wp-json\/wp\/v2\/categories?post=3172"},{"taxonomy":"post_tag","embeddable":true,"href":"https:\/\/wp.ufpel.edu.br\/sisbi\/wp-json\/wp\/v2\/tags?post=3172"}],"curies":[{"name":"wp","href":"https:\/\/api.w.org\/{rel}","templated":true}]}}