{"id":3018,"date":"2017-09-19T14:49:34","date_gmt":"2017-09-19T17:49:34","guid":{"rendered":"https:\/\/wp.ufpel.edu.br\/sisbi\/?p=3018"},"modified":"2017-09-19T14:50:19","modified_gmt":"2017-09-19T17:50:19","slug":"duvidas-sobre-cartao-de-identificacao-da-ufpel","status":"publish","type":"post","link":"https:\/\/wp.ufpel.edu.br\/sisbi\/2017\/09\/19\/duvidas-sobre-cartao-de-identificacao-da-ufpel\/","title":{"rendered":"D\u00favidas sobre Cart\u00e3o de Identifica\u00e7\u00e3o da UFPEL"},"content":{"rendered":"<p><a href=\"https:\/\/wp.ufpel.edu.br\/sisbi\/files\/2017\/09\/Sem-t\u00edtulo.png\"><img class=\"size-medium wp-image-3003 alignleft\" src=\"https:\/\/wp.ufpel.edu.br\/sisbi\/files\/2017\/09\/Sem-t\u00edtulo-400x364.png\" alt=\"\" width=\"400\" height=\"364\" srcset=\"https:\/\/wp.ufpel.edu.br\/sisbi\/files\/2017\/09\/Sem-t\u00edtulo-400x364.png 400w, https:\/\/wp.ufpel.edu.br\/sisbi\/files\/2017\/09\/Sem-t\u00edtulo.png 560w\" sizes=\"(max-width: 400px) 100vw, 400px\" \/><\/a><strong>Ainda n\u00e3o tenho carteira de identifica\u00e7\u00e3o estudantil. O que fazer?<\/strong><\/p>\n<p>Procura uma das bibliotecas da UFPel para cadastrar a foto da carteira. Tu podes fazer a foto em qualquer biblioteca da UFPel, exceto na biblioteca de Ci\u00eancias Sociais, que estar\u00e1 apta a partir do final de outubro.<\/p>\n<p><strong>Preciso de algum documento para solicitar a carteira?<\/strong><\/p>\n<p>Sim. Deves apresentar um documento oficial com foto.<\/p>\n<p><strong>J\u00e1 cadastrei a foto na biblioteca, e agora?<\/strong><\/p>\n<p>Aguarda o per\u00edodo de 20 dias e procura a tua carteira no colegiado do teu curso.<\/p>\n<p><strong>Tenho a carteira de identifica\u00e7\u00e3o, mas est\u00e1 desgastada e com conte\u00fado um pouco ileg\u00edvel. O que devo fazer?<\/strong><\/p>\n<p>Tu podes solicitar a segunda via da carteira sem custo algum. Nesse caso n\u00e3o \u00e9 necess\u00e1rio fazer uma nova foto, basta solicitar a carteira. Entra em contato atrav\u00e9s do e-mail ninfi@ufpel.edu.br.<\/p>\n<p><strong>Troquei de curso e tenho a carteirinha antiga, preciso fazer outra?<\/strong><\/p>\n<p>Sim. Deves solicitar uma nova carteira, pois tua matr\u00edcula ser\u00e1 verificada.<\/p>\n<p>*** Cabe salientar que as bibliotecas n\u00e3o s\u00e3o respons\u00e1veis pela confec\u00e7\u00e3o e entrega das carteiras de identifica\u00e7\u00e3o.<\/p>\n<p>***Alunos e servidores devem dirigir-se a biblioteca apenas para cadastrar a fotografia, o que j\u00e1 automaticamente acionar\u00e1 a sua confec\u00e7\u00e3o, n\u00e3o sendo necess\u00e1ria nenhuma outra a\u00e7\u00e3o, apenas a de aguardar a entrega da carteira na sua unidade ou colegiado.<\/p>\n","protected":false},"excerpt":{"rendered":"<p>Ainda n\u00e3o tenho carteira de identifica\u00e7\u00e3o estudantil. O que fazer? Procura uma das bibliotecas da UFPel para cadastrar a foto da carteira. Tu podes fazer a foto em qualquer biblioteca da UFPel, exceto na biblioteca de Ci\u00eancias Sociais, que estar\u00e1 apta a partir do final de outubro. Preciso de algum documento para solicitar a carteira? [&hellip;]<\/p>\n","protected":false},"author":37,"featured_media":0,"comment_status":"closed","ping_status":"closed","sticky":false,"template":"","format":"standard","meta":{"footnotes":""},"categories":[1],"tags":[],"class_list":["post-3018","post","type-post","status-publish","format-standard","hentry","category-noticias"],"jetpack_featured_media_url":"","_links":{"self":[{"href":"https:\/\/wp.ufpel.edu.br\/sisbi\/wp-json\/wp\/v2\/posts\/3018","targetHints":{"allow":["GET"]}}],"collection":[{"href":"https:\/\/wp.ufpel.edu.br\/sisbi\/wp-json\/wp\/v2\/posts"}],"about":[{"href":"https:\/\/wp.ufpel.edu.br\/sisbi\/wp-json\/wp\/v2\/types\/post"}],"author":[{"embeddable":true,"href":"https:\/\/wp.ufpel.edu.br\/sisbi\/wp-json\/wp\/v2\/users\/37"}],"replies":[{"embeddable":true,"href":"https:\/\/wp.ufpel.edu.br\/sisbi\/wp-json\/wp\/v2\/comments?post=3018"}],"version-history":[{"count":2,"href":"https:\/\/wp.ufpel.edu.br\/sisbi\/wp-json\/wp\/v2\/posts\/3018\/revisions"}],"predecessor-version":[{"id":3021,"href":"https:\/\/wp.ufpel.edu.br\/sisbi\/wp-json\/wp\/v2\/posts\/3018\/revisions\/3021"}],"wp:attachment":[{"href":"https:\/\/wp.ufpel.edu.br\/sisbi\/wp-json\/wp\/v2\/media?parent=3018"}],"wp:term":[{"taxonomy":"category","embeddable":true,"href":"https:\/\/wp.ufpel.edu.br\/sisbi\/wp-json\/wp\/v2\/categories?post=3018"},{"taxonomy":"post_tag","embeddable":true,"href":"https:\/\/wp.ufpel.edu.br\/sisbi\/wp-json\/wp\/v2\/tags?post=3018"}],"curies":[{"name":"wp","href":"https:\/\/api.w.org\/{rel}","templated":true}]}}