{"id":2990,"date":"2017-09-12T15:34:22","date_gmt":"2017-09-12T18:34:22","guid":{"rendered":"https:\/\/wp.ufpel.edu.br\/sisbi\/?p=2990"},"modified":"2017-09-13T19:28:14","modified_gmt":"2017-09-13T22:28:14","slug":"coordenacao-de-bibliotecas-e-nucleo-de-capacitacao-realizao-capacitacao-em-restauro-de-acervos","status":"publish","type":"post","link":"https:\/\/wp.ufpel.edu.br\/sisbi\/2017\/09\/12\/coordenacao-de-bibliotecas-e-nucleo-de-capacitacao-realizao-capacitacao-em-restauro-de-acervos\/","title":{"rendered":"Coordena\u00e7\u00e3o de Bibliotecas e N\u00facleo de Capacita\u00e7\u00e3o realizam &#8220;Capacita\u00e7\u00e3o em Restauro de acervos&#8221;"},"content":{"rendered":"<p>Com in\u00edcio no dia de hoje, a Capacita\u00e7\u00e3o de Restauro nas depend\u00eancias do CBib, abordar\u00e1 durante a semana t\u00e9cnicas e formas de tratamentos em acervos bibliogr\u00e1ficos. O mesmo conta com a participa\u00e7\u00e3o de Bibliotec\u00e1rios e equipe de bibliotecas do SisBi UFPel, bem com da FURG e IFSul.<img class=\"alignnone size-full wp-image-2992\" src=\"https:\/\/wp.ufpel.edu.br\/sisbi\/files\/2017\/09\/21729720_1861869237163729_1989147918_o.jpg\" alt=\"\" width=\"1920\" height=\"1080\" srcset=\"https:\/\/wp.ufpel.edu.br\/sisbi\/files\/2017\/09\/21729720_1861869237163729_1989147918_o.jpg 1920w, https:\/\/wp.ufpel.edu.br\/sisbi\/files\/2017\/09\/21729720_1861869237163729_1989147918_o-400x225.jpg 400w, https:\/\/wp.ufpel.edu.br\/sisbi\/files\/2017\/09\/21729720_1861869237163729_1989147918_o-768x432.jpg 768w, https:\/\/wp.ufpel.edu.br\/sisbi\/files\/2017\/09\/21729720_1861869237163729_1989147918_o-1024x576.jpg 1024w\" sizes=\"(max-width: 1920px) 100vw, 1920px\" \/> <a href=\"https:\/\/wp.ufpel.edu.br\/sisbi\/files\/2017\/09\/21754746_1861869113830408_1636244758_o.jpg\"><img class=\"alignnone size-full wp-image-2993\" src=\"https:\/\/wp.ufpel.edu.br\/sisbi\/files\/2017\/09\/21754746_1861869113830408_1636244758_o.jpg\" alt=\"\" width=\"1920\" height=\"1080\" srcset=\"https:\/\/wp.ufpel.edu.br\/sisbi\/files\/2017\/09\/21754746_1861869113830408_1636244758_o.jpg 1920w, https:\/\/wp.ufpel.edu.br\/sisbi\/files\/2017\/09\/21754746_1861869113830408_1636244758_o-400x225.jpg 400w, https:\/\/wp.ufpel.edu.br\/sisbi\/files\/2017\/09\/21754746_1861869113830408_1636244758_o-768x432.jpg 768w, https:\/\/wp.ufpel.edu.br\/sisbi\/files\/2017\/09\/21754746_1861869113830408_1636244758_o-1024x576.jpg 1024w\" sizes=\"(max-width: 1920px) 100vw, 1920px\" \/><\/a><\/p>\n","protected":false},"excerpt":{"rendered":"<p>Com in\u00edcio no dia de hoje, a Capacita\u00e7\u00e3o de Restauro nas depend\u00eancias do CBib, abordar\u00e1 durante a semana t\u00e9cnicas e formas de tratamentos em acervos bibliogr\u00e1ficos. O mesmo conta com a participa\u00e7\u00e3o de Bibliotec\u00e1rios e equipe de bibliotecas do SisBi UFPel, bem com da FURG e IFSul.<\/p>\n","protected":false},"author":37,"featured_media":0,"comment_status":"closed","ping_status":"closed","sticky":false,"template":"","format":"standard","meta":{"footnotes":""},"categories":[1],"tags":[],"class_list":["post-2990","post","type-post","status-publish","format-standard","hentry","category-noticias"],"jetpack_featured_media_url":"","_links":{"self":[{"href":"https:\/\/wp.ufpel.edu.br\/sisbi\/wp-json\/wp\/v2\/posts\/2990","targetHints":{"allow":["GET"]}}],"collection":[{"href":"https:\/\/wp.ufpel.edu.br\/sisbi\/wp-json\/wp\/v2\/posts"}],"about":[{"href":"https:\/\/wp.ufpel.edu.br\/sisbi\/wp-json\/wp\/v2\/types\/post"}],"author":[{"embeddable":true,"href":"https:\/\/wp.ufpel.edu.br\/sisbi\/wp-json\/wp\/v2\/users\/37"}],"replies":[{"embeddable":true,"href":"https:\/\/wp.ufpel.edu.br\/sisbi\/wp-json\/wp\/v2\/comments?post=2990"}],"version-history":[{"count":3,"href":"https:\/\/wp.ufpel.edu.br\/sisbi\/wp-json\/wp\/v2\/posts\/2990\/revisions"}],"predecessor-version":[{"id":2996,"href":"https:\/\/wp.ufpel.edu.br\/sisbi\/wp-json\/wp\/v2\/posts\/2990\/revisions\/2996"}],"wp:attachment":[{"href":"https:\/\/wp.ufpel.edu.br\/sisbi\/wp-json\/wp\/v2\/media?parent=2990"}],"wp:term":[{"taxonomy":"category","embeddable":true,"href":"https:\/\/wp.ufpel.edu.br\/sisbi\/wp-json\/wp\/v2\/categories?post=2990"},{"taxonomy":"post_tag","embeddable":true,"href":"https:\/\/wp.ufpel.edu.br\/sisbi\/wp-json\/wp\/v2\/tags?post=2990"}],"curies":[{"name":"wp","href":"https:\/\/api.w.org\/{rel}","templated":true}]}}