{"id":2970,"date":"2017-09-01T14:48:17","date_gmt":"2017-09-01T17:48:17","guid":{"rendered":"https:\/\/wp.ufpel.edu.br\/sisbi\/?p=2970"},"modified":"2017-09-01T15:19:47","modified_gmt":"2017-09-01T18:19:47","slug":"no-mes-de-setembro-os-parabens-vai-para","status":"publish","type":"post","link":"https:\/\/wp.ufpel.edu.br\/sisbi\/2017\/09\/01\/no-mes-de-setembro-os-parabens-vai-para\/","title":{"rendered":"No m\u00eas de Setembro os parab\u00e9ns v\u00e3o para\u2026."},"content":{"rendered":"<p><img class=\"size-full wp-image-2847 alignleft\" src=\"https:\/\/wp.ufpel.edu.br\/sisbi\/files\/2017\/08\/PAZ-AMOR-e-que-todos-os-seusSONHOS.jpg\" alt=\"\" width=\"336\" height=\"280\" \/>Desejamos um feliz anivers\u00e1rio \u00e0 todos os aniversariantes do m\u00eas de setembro!<\/p>\n<p>05\/09 &#8211;\u00a0M\u00e1rcia Sturbelle Oleiro &#8211; ( BCS )<\/p>\n<p>14\/09 &#8211;\u00a0Priscila de Luces Fortes dos Santos &#8211; ( BM )<\/p>\n<p>15\/09 &#8211; K\u00eania Moreira Bernini &#8211; ( BCS )<\/p>\n<p>16\/09 &#8211;\u00a0Leda Cristina Peres Lopes &#8211; ( BCS )<\/p>\n<p>17\/09 &#8211;\u00a0Gabriel Moreira Pimenta &#8211; ( BM )<\/p>\n<p>&nbsp;<\/p>\n<p>&nbsp;<\/p>\n","protected":false},"excerpt":{"rendered":"<p>Desejamos um feliz anivers\u00e1rio \u00e0 todos os aniversariantes do m\u00eas de setembro! 05\/09 &#8211;\u00a0M\u00e1rcia Sturbelle Oleiro &#8211; ( BCS ) 14\/09 &#8211;\u00a0Priscila de Luces Fortes dos Santos &#8211; ( BM ) 15\/09 &#8211; K\u00eania Moreira Bernini &#8211; ( BCS ) 16\/09 &#8211;\u00a0Leda Cristina Peres Lopes &#8211; ( BCS ) 17\/09 &#8211;\u00a0Gabriel Moreira Pimenta &#8211; ( [&hellip;]<\/p>\n","protected":false},"author":37,"featured_media":0,"comment_status":"closed","ping_status":"closed","sticky":false,"template":"","format":"standard","meta":{"footnotes":""},"categories":[1],"tags":[],"class_list":["post-2970","post","type-post","status-publish","format-standard","hentry","category-noticias"],"jetpack_featured_media_url":"","_links":{"self":[{"href":"https:\/\/wp.ufpel.edu.br\/sisbi\/wp-json\/wp\/v2\/posts\/2970","targetHints":{"allow":["GET"]}}],"collection":[{"href":"https:\/\/wp.ufpel.edu.br\/sisbi\/wp-json\/wp\/v2\/posts"}],"about":[{"href":"https:\/\/wp.ufpel.edu.br\/sisbi\/wp-json\/wp\/v2\/types\/post"}],"author":[{"embeddable":true,"href":"https:\/\/wp.ufpel.edu.br\/sisbi\/wp-json\/wp\/v2\/users\/37"}],"replies":[{"embeddable":true,"href":"https:\/\/wp.ufpel.edu.br\/sisbi\/wp-json\/wp\/v2\/comments?post=2970"}],"version-history":[{"count":2,"href":"https:\/\/wp.ufpel.edu.br\/sisbi\/wp-json\/wp\/v2\/posts\/2970\/revisions"}],"predecessor-version":[{"id":2973,"href":"https:\/\/wp.ufpel.edu.br\/sisbi\/wp-json\/wp\/v2\/posts\/2970\/revisions\/2973"}],"wp:attachment":[{"href":"https:\/\/wp.ufpel.edu.br\/sisbi\/wp-json\/wp\/v2\/media?parent=2970"}],"wp:term":[{"taxonomy":"category","embeddable":true,"href":"https:\/\/wp.ufpel.edu.br\/sisbi\/wp-json\/wp\/v2\/categories?post=2970"},{"taxonomy":"post_tag","embeddable":true,"href":"https:\/\/wp.ufpel.edu.br\/sisbi\/wp-json\/wp\/v2\/tags?post=2970"}],"curies":[{"name":"wp","href":"https:\/\/api.w.org\/{rel}","templated":true}]}}