{"id":2967,"date":"2017-09-01T10:27:05","date_gmt":"2017-09-01T13:27:05","guid":{"rendered":"https:\/\/wp.ufpel.edu.br\/sisbi\/?p=2967"},"modified":"2017-09-01T11:00:26","modified_gmt":"2017-09-01T14:00:26","slug":"horarios-das-bibliotecas-nos-dia-4-5-e-6-de-setembro","status":"publish","type":"post","link":"https:\/\/wp.ufpel.edu.br\/sisbi\/2017\/09\/01\/horarios-das-bibliotecas-nos-dia-4-5-e-6-de-setembro\/","title":{"rendered":"Hor\u00e1rios das Bibliotecas nos dia 4, 5 e 6 de setembro."},"content":{"rendered":"<p>Informamos que nos dias 4, 5 e 6 algumas Bibliotecas ter\u00e3o seus hor\u00e1rios alterados para poderem realizar manuten\u00e7\u00e3o nos seus acervos e atender demandas internas.<\/p>\n<p>Biblioteca <em>Campus<\/em> Porto &#8211; das 8h \u00e0s 17h<br \/>\nBiblioteca de Ci\u00eancia e Tecnologia &#8211; das 8h \u00e0s 14h<br \/>\nBiblioteca de Ci\u00eancias Agr\u00e1rias &#8211; Expediente Interno<br \/>\nBiblioteca de Ci\u00eancias Sociais &#8211; das 8h e 30min \u00e0s 17h e 30min<br \/>\nBiblioteca do Direito &#8211; das 8h \u00e0s 18h<br \/>\nBiblioteca da ESEF &#8211; das 8h \u00e0s 14h<br \/>\nBiblioteca do Lyceu &#8211; das 8h \u00e0s 14h<br \/>\nBiblioteca da Medicina &#8211; das 10h \u00e0s 18h<br \/>\nBiblioteca de Odontologia &#8211; das 8h \u00e0s 14h<\/p>\n","protected":false},"excerpt":{"rendered":"<p>Informamos que nos dias 4, 5 e 6 algumas Bibliotecas ter\u00e3o seus hor\u00e1rios alterados para poderem realizar manuten\u00e7\u00e3o nos seus acervos e atender demandas internas. Biblioteca Campus Porto &#8211; das 8h \u00e0s 17h Biblioteca de Ci\u00eancia e Tecnologia &#8211; das 8h \u00e0s 14h Biblioteca de Ci\u00eancias Agr\u00e1rias &#8211; Expediente Interno Biblioteca de Ci\u00eancias Sociais &#8211; [&hellip;]<\/p>\n","protected":false},"author":37,"featured_media":0,"comment_status":"closed","ping_status":"closed","sticky":false,"template":"","format":"standard","meta":{"footnotes":""},"categories":[1],"tags":[],"class_list":["post-2967","post","type-post","status-publish","format-standard","hentry","category-noticias"],"jetpack_featured_media_url":"","_links":{"self":[{"href":"https:\/\/wp.ufpel.edu.br\/sisbi\/wp-json\/wp\/v2\/posts\/2967","targetHints":{"allow":["GET"]}}],"collection":[{"href":"https:\/\/wp.ufpel.edu.br\/sisbi\/wp-json\/wp\/v2\/posts"}],"about":[{"href":"https:\/\/wp.ufpel.edu.br\/sisbi\/wp-json\/wp\/v2\/types\/post"}],"author":[{"embeddable":true,"href":"https:\/\/wp.ufpel.edu.br\/sisbi\/wp-json\/wp\/v2\/users\/37"}],"replies":[{"embeddable":true,"href":"https:\/\/wp.ufpel.edu.br\/sisbi\/wp-json\/wp\/v2\/comments?post=2967"}],"version-history":[{"count":1,"href":"https:\/\/wp.ufpel.edu.br\/sisbi\/wp-json\/wp\/v2\/posts\/2967\/revisions"}],"predecessor-version":[{"id":2969,"href":"https:\/\/wp.ufpel.edu.br\/sisbi\/wp-json\/wp\/v2\/posts\/2967\/revisions\/2969"}],"wp:attachment":[{"href":"https:\/\/wp.ufpel.edu.br\/sisbi\/wp-json\/wp\/v2\/media?parent=2967"}],"wp:term":[{"taxonomy":"category","embeddable":true,"href":"https:\/\/wp.ufpel.edu.br\/sisbi\/wp-json\/wp\/v2\/categories?post=2967"},{"taxonomy":"post_tag","embeddable":true,"href":"https:\/\/wp.ufpel.edu.br\/sisbi\/wp-json\/wp\/v2\/tags?post=2967"}],"curies":[{"name":"wp","href":"https:\/\/api.w.org\/{rel}","templated":true}]}}