{"id":2963,"date":"2017-08-29T10:03:08","date_gmt":"2017-08-29T13:03:08","guid":{"rendered":"https:\/\/wp.ufpel.edu.br\/sisbi\/?p=2963"},"modified":"2017-08-29T10:03:08","modified_gmt":"2017-08-29T13:03:08","slug":"horario-de-funcionamento-da-biblioteca-do-direito","status":"publish","type":"post","link":"https:\/\/wp.ufpel.edu.br\/sisbi\/2017\/08\/29\/horario-de-funcionamento-da-biblioteca-do-direito\/","title":{"rendered":"Hor\u00e1rio de funcionamento da Biblioteca do Direito"},"content":{"rendered":"<p>A Coordena\u00e7\u00e3o de Bibliotecas informa que, a partir do dia 30 de agosto de 2017, o hor\u00e1rio de funcionamento da Biblioteca do Direito passar\u00e1 a ser das 08h \u00e0s 18h.<\/p>\n","protected":false},"excerpt":{"rendered":"<p>A Coordena\u00e7\u00e3o de Bibliotecas informa que, a partir do dia 30 de agosto de 2017, o hor\u00e1rio de funcionamento da Biblioteca do Direito passar\u00e1 a ser das 08h \u00e0s 18h.<\/p>\n","protected":false},"author":37,"featured_media":0,"comment_status":"closed","ping_status":"closed","sticky":false,"template":"","format":"standard","meta":{"footnotes":""},"categories":[1],"tags":[],"class_list":["post-2963","post","type-post","status-publish","format-standard","hentry","category-noticias"],"jetpack_featured_media_url":"","_links":{"self":[{"href":"https:\/\/wp.ufpel.edu.br\/sisbi\/wp-json\/wp\/v2\/posts\/2963","targetHints":{"allow":["GET"]}}],"collection":[{"href":"https:\/\/wp.ufpel.edu.br\/sisbi\/wp-json\/wp\/v2\/posts"}],"about":[{"href":"https:\/\/wp.ufpel.edu.br\/sisbi\/wp-json\/wp\/v2\/types\/post"}],"author":[{"embeddable":true,"href":"https:\/\/wp.ufpel.edu.br\/sisbi\/wp-json\/wp\/v2\/users\/37"}],"replies":[{"embeddable":true,"href":"https:\/\/wp.ufpel.edu.br\/sisbi\/wp-json\/wp\/v2\/comments?post=2963"}],"version-history":[{"count":1,"href":"https:\/\/wp.ufpel.edu.br\/sisbi\/wp-json\/wp\/v2\/posts\/2963\/revisions"}],"predecessor-version":[{"id":2965,"href":"https:\/\/wp.ufpel.edu.br\/sisbi\/wp-json\/wp\/v2\/posts\/2963\/revisions\/2965"}],"wp:attachment":[{"href":"https:\/\/wp.ufpel.edu.br\/sisbi\/wp-json\/wp\/v2\/media?parent=2963"}],"wp:term":[{"taxonomy":"category","embeddable":true,"href":"https:\/\/wp.ufpel.edu.br\/sisbi\/wp-json\/wp\/v2\/categories?post=2963"},{"taxonomy":"post_tag","embeddable":true,"href":"https:\/\/wp.ufpel.edu.br\/sisbi\/wp-json\/wp\/v2\/tags?post=2963"}],"curies":[{"name":"wp","href":"https:\/\/api.w.org\/{rel}","templated":true}]}}