{"id":2845,"date":"2017-08-01T14:09:50","date_gmt":"2017-08-01T17:09:50","guid":{"rendered":"https:\/\/wp.ufpel.edu.br\/sisbi\/?p=2845"},"modified":"2017-08-01T15:28:13","modified_gmt":"2017-08-01T18:28:13","slug":"no-mes-de-agosto-os-parabens-vai-para","status":"publish","type":"post","link":"https:\/\/wp.ufpel.edu.br\/sisbi\/2017\/08\/01\/no-mes-de-agosto-os-parabens-vai-para\/","title":{"rendered":"No m\u00eas de agosto os parab\u00e9ns vai para&#8230;."},"content":{"rendered":"<p><a href=\"https:\/\/wp.ufpel.edu.br\/sisbi\/files\/2017\/08\/PAZ-AMOR-e-que-todos-os-seusSONHOS.jpg\"><img class=\"size-full wp-image-2847 alignleft\" src=\"https:\/\/wp.ufpel.edu.br\/sisbi\/files\/2017\/08\/PAZ-AMOR-e-que-todos-os-seusSONHOS.jpg\" alt=\"\" width=\"336\" height=\"280\" \/><\/a>Desejamos um feliz anivers\u00e1rio \u00e0 todos os aniversariantes do m\u00eas de agosto!!!<\/p>\n<p>4 de agosto &#8211; Rudi Erial Aquino Porto &#8211; ( BCP )<\/p>\n<p>17 de agosto &#8211; Patr\u00edcia Oliveira &#8211; ( CBib )<\/p>\n<p>20 de agosto &#8211; Daiane de Almeida Schramm &#8211; ( BESEF )<\/p>\n<p>25 de agosto &#8211; Matheus Ribeiro Pereira &#8211; ( BCP )<\/p>\n<p>28 de agosto &#8211; Giovanna Povoa Milione ( BCS )<\/p>\n<p>&nbsp;<\/p>\n<p>&nbsp;<\/p>\n","protected":false},"excerpt":{"rendered":"<p>Desejamos um feliz anivers\u00e1rio \u00e0 todos os aniversariantes do m\u00eas de agosto!!! 4 de agosto &#8211; Rudi Erial Aquino Porto &#8211; ( BCP ) 17 de agosto &#8211; Patr\u00edcia Oliveira &#8211; ( CBib ) 20 de agosto &#8211; Daiane de Almeida Schramm &#8211; ( BESEF ) 25 de agosto &#8211; Matheus Ribeiro Pereira &#8211; ( [&hellip;]<\/p>\n","protected":false},"author":37,"featured_media":0,"comment_status":"closed","ping_status":"closed","sticky":false,"template":"","format":"standard","meta":{"footnotes":""},"categories":[1],"tags":[],"class_list":["post-2845","post","type-post","status-publish","format-standard","hentry","category-noticias"],"jetpack_featured_media_url":"","_links":{"self":[{"href":"https:\/\/wp.ufpel.edu.br\/sisbi\/wp-json\/wp\/v2\/posts\/2845","targetHints":{"allow":["GET"]}}],"collection":[{"href":"https:\/\/wp.ufpel.edu.br\/sisbi\/wp-json\/wp\/v2\/posts"}],"about":[{"href":"https:\/\/wp.ufpel.edu.br\/sisbi\/wp-json\/wp\/v2\/types\/post"}],"author":[{"embeddable":true,"href":"https:\/\/wp.ufpel.edu.br\/sisbi\/wp-json\/wp\/v2\/users\/37"}],"replies":[{"embeddable":true,"href":"https:\/\/wp.ufpel.edu.br\/sisbi\/wp-json\/wp\/v2\/comments?post=2845"}],"version-history":[{"count":2,"href":"https:\/\/wp.ufpel.edu.br\/sisbi\/wp-json\/wp\/v2\/posts\/2845\/revisions"}],"predecessor-version":[{"id":2854,"href":"https:\/\/wp.ufpel.edu.br\/sisbi\/wp-json\/wp\/v2\/posts\/2845\/revisions\/2854"}],"wp:attachment":[{"href":"https:\/\/wp.ufpel.edu.br\/sisbi\/wp-json\/wp\/v2\/media?parent=2845"}],"wp:term":[{"taxonomy":"category","embeddable":true,"href":"https:\/\/wp.ufpel.edu.br\/sisbi\/wp-json\/wp\/v2\/categories?post=2845"},{"taxonomy":"post_tag","embeddable":true,"href":"https:\/\/wp.ufpel.edu.br\/sisbi\/wp-json\/wp\/v2\/tags?post=2845"}],"curies":[{"name":"wp","href":"https:\/\/api.w.org\/{rel}","templated":true}]}}