{"id":2804,"date":"2017-07-24T15:43:13","date_gmt":"2017-07-24T18:43:13","guid":{"rendered":"https:\/\/wp.ufpel.edu.br\/sisbi\/?p=2804"},"modified":"2017-07-26T14:19:04","modified_gmt":"2017-07-26T17:19:04","slug":"cbib-informa-os-horarios-de-funcionamento-das-bibliotecas-do-dia-24-a-28-de-julho","status":"publish","type":"post","link":"https:\/\/wp.ufpel.edu.br\/sisbi\/2017\/07\/24\/cbib-informa-os-horarios-de-funcionamento-das-bibliotecas-do-dia-24-a-28-de-julho\/","title":{"rendered":"CBib informa os hor\u00e1rios de funcionamento das bibliotecas do dia 24 \u00e0 28 de julho."},"content":{"rendered":"<p><a href=\"https:\/\/wp.ufpel.edu.br\/sisbi\/files\/2017\/07\/Desenho-sem-t\u00edtulo.jpg\"><img class=\"size-medium wp-image-2806 alignleft\" src=\"https:\/\/wp.ufpel.edu.br\/sisbi\/files\/2017\/07\/Desenho-sem-t\u00edtulo-400x225.jpg\" alt=\"\" width=\"400\" height=\"225\" srcset=\"https:\/\/wp.ufpel.edu.br\/sisbi\/files\/2017\/07\/Desenho-sem-t\u00edtulo-400x225.jpg 400w, https:\/\/wp.ufpel.edu.br\/sisbi\/files\/2017\/07\/Desenho-sem-t\u00edtulo-768x432.jpg 768w, https:\/\/wp.ufpel.edu.br\/sisbi\/files\/2017\/07\/Desenho-sem-t\u00edtulo-1024x576.jpg 1024w\" sizes=\"(max-width: 400px) 100vw, 400px\" \/><\/a>A coordena\u00e7\u00e3o \u00a0de bibliotecas informa os hor\u00e1rios de funcionamento das bibliotecas do dia 24 \u00e0 28 de julho.<\/p>\n<p>&nbsp;<\/p>\n<table style=\"height: 709px\" width=\"634\">\n<tbody>\n<tr>\n<td style=\"text-align: center\" width=\"195\">Biblioteca Ci\u00eancias Agr\u00e1rias<\/td>\n<td style=\"text-align: center\" width=\"195\">Fechada para manuten\u00e7\u00e3o.<\/td>\n<\/tr>\n<tr>\n<td style=\"text-align: center\" width=\"195\">Biblioteca Ci\u00eancias Socias<\/td>\n<td style=\"text-align: center\" width=\"195\">24 \u00e0 27 de julho das 8h \u00e0s 19h. 28 de julho 8h \u00e0s 15h.<\/td>\n<\/tr>\n<tr>\n<td style=\"text-align: center\" width=\"195\">Biblioteca Ci\u00eancias e Tecnologia<\/td>\n<td style=\"text-align: center\" width=\"195\">8h \u00e0s 14h<\/td>\n<\/tr>\n<tr>\n<td style=\"text-align: center\" width=\"195\">Biblioteca \u00a0Direito<\/td>\n<td style=\"text-align: center\" width=\"195\">8h \u00e0s 22h.<\/td>\n<\/tr>\n<tr>\n<td style=\"text-align: center\" width=\"195\">Biblioteca Escola de Educa\u00e7\u00e3o F\u00edsica<\/td>\n<td style=\"text-align: center\" width=\"195\">8h \u00e0s 12h e 14h \u00e0s 22h.<\/td>\n<\/tr>\n<tr>\n<td style=\"text-align: center\" width=\"195\">Biblioteca Lyceu<\/td>\n<td style=\"text-align: center\" width=\"195\">12h \u00e1s 18h<\/td>\n<\/tr>\n<tr>\n<td style=\"text-align: center\" width=\"195\">Biblioteca \u00a0Medicina<\/td>\n<td style=\"text-align: center\" width=\"195\">8h \u00e0s 21h.<\/td>\n<\/tr>\n<tr>\n<td style=\"text-align: center\" width=\"195\">Biblioteca \u00a0Odontologia<\/td>\n<td style=\"text-align: center\" width=\"195\">8h \u00e1s 14 h.<\/td>\n<\/tr>\n<tr>\n<td style=\"text-align: center\" width=\"195\">Biblioteca Campus Porto<\/td>\n<td style=\"text-align: center\" width=\"195\">8h \u00e0s 18h30m.<\/td>\n<\/tr>\n<\/tbody>\n<\/table>\n<p>&nbsp;<\/p>\n<p>&nbsp;<\/p>\n","protected":false},"excerpt":{"rendered":"<p>A coordena\u00e7\u00e3o \u00a0de bibliotecas informa os hor\u00e1rios de funcionamento das bibliotecas do dia 24 \u00e0 28 de julho. &nbsp; Biblioteca Ci\u00eancias Agr\u00e1rias Fechada para manuten\u00e7\u00e3o. Biblioteca Ci\u00eancias Socias 24 \u00e0 27 de julho das 8h \u00e0s 19h. 28 de julho 8h \u00e0s 15h. Biblioteca Ci\u00eancias e Tecnologia 8h \u00e0s 14h Biblioteca \u00a0Direito 8h \u00e0s 22h. [&hellip;]<\/p>\n","protected":false},"author":37,"featured_media":0,"comment_status":"closed","ping_status":"closed","sticky":false,"template":"","format":"standard","meta":{"footnotes":""},"categories":[1],"tags":[],"class_list":["post-2804","post","type-post","status-publish","format-standard","hentry","category-noticias"],"jetpack_featured_media_url":"","_links":{"self":[{"href":"https:\/\/wp.ufpel.edu.br\/sisbi\/wp-json\/wp\/v2\/posts\/2804","targetHints":{"allow":["GET"]}}],"collection":[{"href":"https:\/\/wp.ufpel.edu.br\/sisbi\/wp-json\/wp\/v2\/posts"}],"about":[{"href":"https:\/\/wp.ufpel.edu.br\/sisbi\/wp-json\/wp\/v2\/types\/post"}],"author":[{"embeddable":true,"href":"https:\/\/wp.ufpel.edu.br\/sisbi\/wp-json\/wp\/v2\/users\/37"}],"replies":[{"embeddable":true,"href":"https:\/\/wp.ufpel.edu.br\/sisbi\/wp-json\/wp\/v2\/comments?post=2804"}],"version-history":[{"count":10,"href":"https:\/\/wp.ufpel.edu.br\/sisbi\/wp-json\/wp\/v2\/posts\/2804\/revisions"}],"predecessor-version":[{"id":2818,"href":"https:\/\/wp.ufpel.edu.br\/sisbi\/wp-json\/wp\/v2\/posts\/2804\/revisions\/2818"}],"wp:attachment":[{"href":"https:\/\/wp.ufpel.edu.br\/sisbi\/wp-json\/wp\/v2\/media?parent=2804"}],"wp:term":[{"taxonomy":"category","embeddable":true,"href":"https:\/\/wp.ufpel.edu.br\/sisbi\/wp-json\/wp\/v2\/categories?post=2804"},{"taxonomy":"post_tag","embeddable":true,"href":"https:\/\/wp.ufpel.edu.br\/sisbi\/wp-json\/wp\/v2\/tags?post=2804"}],"curies":[{"name":"wp","href":"https:\/\/api.w.org\/{rel}","templated":true}]}}