{"id":2626,"date":"2017-07-04T16:03:14","date_gmt":"2017-07-04T19:03:14","guid":{"rendered":"https:\/\/wp.ufpel.edu.br\/sisbi\/?p=2626"},"modified":"2017-07-04T16:03:14","modified_gmt":"2017-07-04T19:03:14","slug":"horario-de-funcionamento-da-biblioteca-campus-porto-2","status":"publish","type":"post","link":"https:\/\/wp.ufpel.edu.br\/sisbi\/2017\/07\/04\/horario-de-funcionamento-da-biblioteca-campus-porto-2\/","title":{"rendered":"Hor\u00e1rio de funcionamento da Biblioteca Campus Porto."},"content":{"rendered":"<p>&nbsp;<\/p>\n<p><a href=\"https:\/\/wp.ufpel.edu.br\/sisbi\/files\/2017\/06\/140815_8livroscios_blog-1.jpg\"><img class=\" wp-image-2540 alignleft\" src=\"https:\/\/wp.ufpel.edu.br\/sisbi\/files\/2017\/06\/140815_8livroscios_blog-1.jpg\" alt=\"\" width=\"300\" height=\"243\" srcset=\"https:\/\/wp.ufpel.edu.br\/sisbi\/files\/2017\/06\/140815_8livroscios_blog-1.jpg 459w, https:\/\/wp.ufpel.edu.br\/sisbi\/files\/2017\/06\/140815_8livroscios_blog-1-197x159.jpg 197w, https:\/\/wp.ufpel.edu.br\/sisbi\/files\/2017\/06\/140815_8livroscios_blog-1-394x318.jpg 394w\" sizes=\"(max-width: 300px) 100vw, 300px\" \/><\/a><\/p>\n<p>&nbsp;<\/p>\n<p>A Coordena\u00e7\u00e3o de Bibliotecas informa o hor\u00e1rio de funcionamento da biblioteca Campus Porto do dia 04 de julho \u00e0 \u00a014 de julho de 2017 na tabela abaixo !!!<\/p>\n<table>\n<tbody>\n<tr>\n<td width=\"272\">Dia da semana:<\/td>\n<td width=\"180\">\u00a0Hor\u00e1rio:<\/td>\n<\/tr>\n<tr>\n<td width=\"272\">04 e 05 de julho de 2017<\/td>\n<td width=\"180\">8h \u00e0 20h<\/td>\n<\/tr>\n<tr>\n<td width=\"272\">06 e 07 de julho de 2017<\/td>\n<td width=\"180\">8h \u00e0 19h<\/td>\n<\/tr>\n<tr>\n<td width=\"272\">10 de julho de 2017<\/td>\n<td width=\"180\">8h \u00e0 19h<\/td>\n<\/tr>\n<tr>\n<td width=\"272\">11 de julho de 2017<\/td>\n<td width=\"180\">8h \u00e0 18:30h<\/td>\n<\/tr>\n<tr>\n<td width=\"272\">12 \u00e0 14 de julho de 2017<\/td>\n<td width=\"180\">8h \u00e0 19h<\/td>\n<\/tr>\n<\/tbody>\n<\/table>\n<p><\/p>\n","protected":false},"excerpt":{"rendered":"<p>&nbsp; &nbsp; A Coordena\u00e7\u00e3o de Bibliotecas informa o hor\u00e1rio de funcionamento da biblioteca Campus Porto do dia 04 de julho \u00e0 \u00a014 de julho de 2017 na tabela abaixo !!! Dia da semana: \u00a0Hor\u00e1rio: 04 e 05 de julho de 2017 8h \u00e0 20h 06 e 07 de julho de 2017 8h \u00e0 19h 10 [&hellip;]<\/p>\n","protected":false},"author":37,"featured_media":0,"comment_status":"closed","ping_status":"closed","sticky":false,"template":"","format":"standard","meta":{"footnotes":""},"categories":[1],"tags":[],"class_list":["post-2626","post","type-post","status-publish","format-standard","hentry","category-noticias"],"jetpack_featured_media_url":"","_links":{"self":[{"href":"https:\/\/wp.ufpel.edu.br\/sisbi\/wp-json\/wp\/v2\/posts\/2626","targetHints":{"allow":["GET"]}}],"collection":[{"href":"https:\/\/wp.ufpel.edu.br\/sisbi\/wp-json\/wp\/v2\/posts"}],"about":[{"href":"https:\/\/wp.ufpel.edu.br\/sisbi\/wp-json\/wp\/v2\/types\/post"}],"author":[{"embeddable":true,"href":"https:\/\/wp.ufpel.edu.br\/sisbi\/wp-json\/wp\/v2\/users\/37"}],"replies":[{"embeddable":true,"href":"https:\/\/wp.ufpel.edu.br\/sisbi\/wp-json\/wp\/v2\/comments?post=2626"}],"version-history":[{"count":3,"href":"https:\/\/wp.ufpel.edu.br\/sisbi\/wp-json\/wp\/v2\/posts\/2626\/revisions"}],"predecessor-version":[{"id":2630,"href":"https:\/\/wp.ufpel.edu.br\/sisbi\/wp-json\/wp\/v2\/posts\/2626\/revisions\/2630"}],"wp:attachment":[{"href":"https:\/\/wp.ufpel.edu.br\/sisbi\/wp-json\/wp\/v2\/media?parent=2626"}],"wp:term":[{"taxonomy":"category","embeddable":true,"href":"https:\/\/wp.ufpel.edu.br\/sisbi\/wp-json\/wp\/v2\/categories?post=2626"},{"taxonomy":"post_tag","embeddable":true,"href":"https:\/\/wp.ufpel.edu.br\/sisbi\/wp-json\/wp\/v2\/tags?post=2626"}],"curies":[{"name":"wp","href":"https:\/\/api.w.org\/{rel}","templated":true}]}}