{"id":2573,"date":"2017-06-23T08:35:32","date_gmt":"2017-06-23T11:35:32","guid":{"rendered":"https:\/\/wp.ufpel.edu.br\/sisbi\/?p=2573"},"modified":"2017-06-23T08:35:32","modified_gmt":"2017-06-23T11:35:32","slug":"joanna-de-angelis-responde-divaldo-pereira-franco","status":"publish","type":"post","link":"https:\/\/wp.ufpel.edu.br\/sisbi\/2017\/06\/23\/joanna-de-angelis-responde-divaldo-pereira-franco\/","title":{"rendered":"JOANNA DE \u00c2NGELIS RESPONDE &#8211; Divaldo Pereira Franco"},"content":{"rendered":"<p>Esta obra Joanna de \u00c2ngelis Responde, psicografado por Divaldo Pereira Franco; organizado por Jos\u00e9 Maria de Medeiros Souza traz:\u00a0Temas Evang\u00e9licos; Temas Doutrin\u00e1rios; Temas Filos\u00f3ficos-Morais; Temas de Autoconhecimento.\u00a0Este livro foi organizado em forma de entrevistas.<\/p>\n<p>Livro indicado por Simoni Machado.<\/p>\n<p><a href=\"https:\/\/wp.ufpel.edu.br\/sisbi\/files\/2017\/06\/1606511_309227182605351_371229455845684267_o-e1498217715766.jpg\"><img class=\"alignleft size-full wp-image-2575\" src=\"https:\/\/wp.ufpel.edu.br\/sisbi\/files\/2017\/06\/1606511_309227182605351_371229455845684267_o-e1498217715766.jpg\" alt=\"\" width=\"303\" height=\"458\" \/><\/a><\/p>\n","protected":false},"excerpt":{"rendered":"<p>Esta obra Joanna de \u00c2ngelis Responde, psicografado por Divaldo Pereira Franco; organizado por Jos\u00e9 Maria de Medeiros Souza traz:\u00a0Temas Evang\u00e9licos; Temas Doutrin\u00e1rios; Temas Filos\u00f3ficos-Morais; Temas de Autoconhecimento.\u00a0Este livro foi organizado em forma de entrevistas. Livro indicado por Simoni Machado.<\/p>\n","protected":false},"author":37,"featured_media":2575,"comment_status":"closed","ping_status":"closed","sticky":false,"template":"","format":"standard","meta":{"footnotes":""},"categories":[75751],"tags":[],"class_list":["post-2573","post","type-post","status-publish","format-standard","has-post-thumbnail","hentry","category-dicas-de-leitura"],"jetpack_featured_media_url":"https:\/\/wp.ufpel.edu.br\/sisbi\/files\/2017\/06\/1606511_309227182605351_371229455845684267_o-e1498217715766.jpg","_links":{"self":[{"href":"https:\/\/wp.ufpel.edu.br\/sisbi\/wp-json\/wp\/v2\/posts\/2573","targetHints":{"allow":["GET"]}}],"collection":[{"href":"https:\/\/wp.ufpel.edu.br\/sisbi\/wp-json\/wp\/v2\/posts"}],"about":[{"href":"https:\/\/wp.ufpel.edu.br\/sisbi\/wp-json\/wp\/v2\/types\/post"}],"author":[{"embeddable":true,"href":"https:\/\/wp.ufpel.edu.br\/sisbi\/wp-json\/wp\/v2\/users\/37"}],"replies":[{"embeddable":true,"href":"https:\/\/wp.ufpel.edu.br\/sisbi\/wp-json\/wp\/v2\/comments?post=2573"}],"version-history":[{"count":1,"href":"https:\/\/wp.ufpel.edu.br\/sisbi\/wp-json\/wp\/v2\/posts\/2573\/revisions"}],"predecessor-version":[{"id":2576,"href":"https:\/\/wp.ufpel.edu.br\/sisbi\/wp-json\/wp\/v2\/posts\/2573\/revisions\/2576"}],"wp:featuredmedia":[{"embeddable":true,"href":"https:\/\/wp.ufpel.edu.br\/sisbi\/wp-json\/wp\/v2\/media\/2575"}],"wp:attachment":[{"href":"https:\/\/wp.ufpel.edu.br\/sisbi\/wp-json\/wp\/v2\/media?parent=2573"}],"wp:term":[{"taxonomy":"category","embeddable":true,"href":"https:\/\/wp.ufpel.edu.br\/sisbi\/wp-json\/wp\/v2\/categories?post=2573"},{"taxonomy":"post_tag","embeddable":true,"href":"https:\/\/wp.ufpel.edu.br\/sisbi\/wp-json\/wp\/v2\/tags?post=2573"}],"curies":[{"name":"wp","href":"https:\/\/api.w.org\/{rel}","templated":true}]}}