{"id":2467,"date":"2017-06-12T08:14:58","date_gmt":"2017-06-12T11:14:58","guid":{"rendered":"https:\/\/wp.ufpel.edu.br\/sisbi\/?p=2467"},"modified":"2017-06-12T08:49:05","modified_gmt":"2017-06-12T11:49:05","slug":"homens-em-tempos-sombrios-hannah-arendt","status":"publish","type":"post","link":"https:\/\/wp.ufpel.edu.br\/sisbi\/2017\/06\/12\/homens-em-tempos-sombrios-hannah-arendt\/","title":{"rendered":"HOMENS EM TEMPOS SOMBRIOS \u2013 Hannah Arendt"},"content":{"rendered":"<p>Homens em Tempos Sombrios \u2013 Os textos reunidos neste livro s\u00e3o biografias comentadas de homens e mulheres que viveram os \u201ctempos sombrios\u201d da primeira metade do s\u00e9culo XX. Mergulhando em mundos internos t\u00e3o d\u00edspares como os de Hermann Broch e Jo\u00e3o XXIII, Rosa Luxemburgo e Jaspers, Isak Dinesen e Bertold Brecht, Heidegger e Walter Benjamin, Hannah Arendt submete a uma reflex\u00e3o apaixonada, e por vezes implac\u00e1vel, seus erros e acertos, culpas e vit\u00f3rias, responsabilidades e irresponsabilidades perante a realidade que enfrentaram. A beleza destes relatos reside na s\u00f3lida cren\u00e7a arendtiana na solidariedade e dignidade humanas, valores morais ainda capazes de impedir o triunfo do niilismo e do totalitarismo numa \u00e9poca de experi\u00eancias catastr\u00f3ficas.<\/p>\n<p>Livro indicado por Gicelda Concei\u00e7\u00e3o.<\/p>\n<p><a href=\"https:\/\/wp.ufpel.edu.br\/sisbi\/files\/2017\/06\/Homens-em-Tempos-Sombrios-e1497266086292.jpg\"><img class=\"alignleft size-full wp-image-2469\" src=\"https:\/\/wp.ufpel.edu.br\/sisbi\/files\/2017\/06\/Homens-em-Tempos-Sombrios-e1497266086292.jpg\" alt=\"\" width=\"303\" height=\"437\" \/><\/a><\/p>\n<p>&nbsp;<\/p>\n","protected":false},"excerpt":{"rendered":"<p>Homens em Tempos Sombrios \u2013 Os textos reunidos neste livro s\u00e3o biografias comentadas de homens e mulheres que viveram os \u201ctempos sombrios\u201d da primeira metade do s\u00e9culo XX. Mergulhando em mundos internos t\u00e3o d\u00edspares como os de Hermann Broch e Jo\u00e3o XXIII, Rosa Luxemburgo e Jaspers, Isak Dinesen e Bertold Brecht, Heidegger e Walter Benjamin, [&hellip;]<\/p>\n","protected":false},"author":37,"featured_media":2469,"comment_status":"closed","ping_status":"closed","sticky":false,"template":"","format":"standard","meta":{"footnotes":""},"categories":[75751],"tags":[],"class_list":["post-2467","post","type-post","status-publish","format-standard","has-post-thumbnail","hentry","category-dicas-de-leitura"],"jetpack_featured_media_url":"https:\/\/wp.ufpel.edu.br\/sisbi\/files\/2017\/06\/Homens-em-Tempos-Sombrios-e1497266086292.jpg","_links":{"self":[{"href":"https:\/\/wp.ufpel.edu.br\/sisbi\/wp-json\/wp\/v2\/posts\/2467","targetHints":{"allow":["GET"]}}],"collection":[{"href":"https:\/\/wp.ufpel.edu.br\/sisbi\/wp-json\/wp\/v2\/posts"}],"about":[{"href":"https:\/\/wp.ufpel.edu.br\/sisbi\/wp-json\/wp\/v2\/types\/post"}],"author":[{"embeddable":true,"href":"https:\/\/wp.ufpel.edu.br\/sisbi\/wp-json\/wp\/v2\/users\/37"}],"replies":[{"embeddable":true,"href":"https:\/\/wp.ufpel.edu.br\/sisbi\/wp-json\/wp\/v2\/comments?post=2467"}],"version-history":[{"count":3,"href":"https:\/\/wp.ufpel.edu.br\/sisbi\/wp-json\/wp\/v2\/posts\/2467\/revisions"}],"predecessor-version":[{"id":2472,"href":"https:\/\/wp.ufpel.edu.br\/sisbi\/wp-json\/wp\/v2\/posts\/2467\/revisions\/2472"}],"wp:featuredmedia":[{"embeddable":true,"href":"https:\/\/wp.ufpel.edu.br\/sisbi\/wp-json\/wp\/v2\/media\/2469"}],"wp:attachment":[{"href":"https:\/\/wp.ufpel.edu.br\/sisbi\/wp-json\/wp\/v2\/media?parent=2467"}],"wp:term":[{"taxonomy":"category","embeddable":true,"href":"https:\/\/wp.ufpel.edu.br\/sisbi\/wp-json\/wp\/v2\/categories?post=2467"},{"taxonomy":"post_tag","embeddable":true,"href":"https:\/\/wp.ufpel.edu.br\/sisbi\/wp-json\/wp\/v2\/tags?post=2467"}],"curies":[{"name":"wp","href":"https:\/\/api.w.org\/{rel}","templated":true}]}}