{"id":2425,"date":"2017-06-07T08:24:59","date_gmt":"2017-06-07T11:24:59","guid":{"rendered":"https:\/\/wp.ufpel.edu.br\/sisbi\/?p=2425"},"modified":"2017-06-07T08:24:59","modified_gmt":"2017-06-07T11:24:59","slug":"edital-no-0022017-cbib-inscricoes-para-o-programa-de-bolsas-de-iniciacao-ao-trabalho-biblioteca-de-ciencia-e-tecnologia","status":"publish","type":"post","link":"https:\/\/wp.ufpel.edu.br\/sisbi\/2017\/06\/07\/edital-no-0022017-cbib-inscricoes-para-o-programa-de-bolsas-de-iniciacao-ao-trabalho-biblioteca-de-ciencia-e-tecnologia\/","title":{"rendered":"EDITAL N\u00ba 002\/2017-CBib \u2013 Inscri\u00e7\u00f5es para o Programa de Bolsas de Inicia\u00e7\u00e3o ao Trabalho &#8211; Biblioteca de Ci\u00eancia e Tecnologia"},"content":{"rendered":"<p>A Coordena\u00e7\u00e3o de Bibliotecas torna p\u00fablico o processo de sele\u00e7\u00e3o de bolsistas ao \u201cPrograma de Bolsas Acad\u00eamicas \u2013 Bolsas de Inicia\u00e7\u00e3o ao Trabalho\u201d<br \/>\nSele\u00e7\u00e3o para a Biblioteca de Ci\u00eancia e Tecnologia (BCT)<\/p>\n<p><a href=\"https:\/\/wp.ufpel.edu.br\/sisbi\/files\/2017\/06\/Edital-Bolsistas-BCT-2017.pdf\">Edital Bolsistas BCT 2017<\/a><\/p>\n","protected":false},"excerpt":{"rendered":"<p>A Coordena\u00e7\u00e3o de Bibliotecas torna p\u00fablico o processo de sele\u00e7\u00e3o de bolsistas ao \u201cPrograma de Bolsas Acad\u00eamicas \u2013 Bolsas de Inicia\u00e7\u00e3o ao Trabalho\u201d Sele\u00e7\u00e3o para a Biblioteca de Ci\u00eancia e Tecnologia (BCT) Edital Bolsistas BCT 2017<\/p>\n","protected":false},"author":37,"featured_media":0,"comment_status":"closed","ping_status":"closed","sticky":false,"template":"","format":"standard","meta":{"footnotes":""},"categories":[1],"tags":[],"class_list":["post-2425","post","type-post","status-publish","format-standard","hentry","category-noticias"],"jetpack_featured_media_url":"","_links":{"self":[{"href":"https:\/\/wp.ufpel.edu.br\/sisbi\/wp-json\/wp\/v2\/posts\/2425","targetHints":{"allow":["GET"]}}],"collection":[{"href":"https:\/\/wp.ufpel.edu.br\/sisbi\/wp-json\/wp\/v2\/posts"}],"about":[{"href":"https:\/\/wp.ufpel.edu.br\/sisbi\/wp-json\/wp\/v2\/types\/post"}],"author":[{"embeddable":true,"href":"https:\/\/wp.ufpel.edu.br\/sisbi\/wp-json\/wp\/v2\/users\/37"}],"replies":[{"embeddable":true,"href":"https:\/\/wp.ufpel.edu.br\/sisbi\/wp-json\/wp\/v2\/comments?post=2425"}],"version-history":[{"count":1,"href":"https:\/\/wp.ufpel.edu.br\/sisbi\/wp-json\/wp\/v2\/posts\/2425\/revisions"}],"predecessor-version":[{"id":2428,"href":"https:\/\/wp.ufpel.edu.br\/sisbi\/wp-json\/wp\/v2\/posts\/2425\/revisions\/2428"}],"wp:attachment":[{"href":"https:\/\/wp.ufpel.edu.br\/sisbi\/wp-json\/wp\/v2\/media?parent=2425"}],"wp:term":[{"taxonomy":"category","embeddable":true,"href":"https:\/\/wp.ufpel.edu.br\/sisbi\/wp-json\/wp\/v2\/categories?post=2425"},{"taxonomy":"post_tag","embeddable":true,"href":"https:\/\/wp.ufpel.edu.br\/sisbi\/wp-json\/wp\/v2\/tags?post=2425"}],"curies":[{"name":"wp","href":"https:\/\/api.w.org\/{rel}","templated":true}]}}