{"id":2395,"date":"2017-06-02T08:29:31","date_gmt":"2017-06-02T11:29:31","guid":{"rendered":"https:\/\/wp.ufpel.edu.br\/sisbi\/?p=2395"},"modified":"2017-06-02T08:29:31","modified_gmt":"2017-06-02T11:29:31","slug":"a-matriz-divina-gregg-braden","status":"publish","type":"post","link":"https:\/\/wp.ufpel.edu.br\/sisbi\/2017\/06\/02\/a-matriz-divina-gregg-braden\/","title":{"rendered":"A MATRIZ DIVINA \u2013 Gregg Braden"},"content":{"rendered":"<p>A MATRIZ DIVINA \u2013 Ser\u00e1 que os milagres que presenciamos no mundo qu\u00e2ntico nos mostram o m\u00e1ximo potencial das nossas possibilidades, e n\u00e3o os limites da ci\u00eancia? E a cura espont\u00e2nea das doen\u00e7as, a conex\u00e3o instant\u00e2nea com todos em toda parte e mesmo as viagens atrav\u00e9s do tempo seriam a verdadeira heran\u00e7a que nos \u00e9 dada pelo universo?<\/p>\n<p>Livro indicado por\u00a0Carmen L\u00facia Azevedo.<\/p>\n<p><a href=\"https:\/\/wp.ufpel.edu.br\/sisbi\/files\/2017\/06\/12705371_440481416146593_5972852183136447384_n-e1496402945816.jpg\"><img class=\"alignleft size-full wp-image-2397\" src=\"https:\/\/wp.ufpel.edu.br\/sisbi\/files\/2017\/06\/12705371_440481416146593_5972852183136447384_n-e1496402945816.jpg\" alt=\"\" width=\"303\" height=\"443\" \/><\/a><\/p>\n","protected":false},"excerpt":{"rendered":"<p>A MATRIZ DIVINA \u2013 Ser\u00e1 que os milagres que presenciamos no mundo qu\u00e2ntico nos mostram o m\u00e1ximo potencial das nossas possibilidades, e n\u00e3o os limites da ci\u00eancia? E a cura espont\u00e2nea das doen\u00e7as, a conex\u00e3o instant\u00e2nea com todos em toda parte e mesmo as viagens atrav\u00e9s do tempo seriam a verdadeira heran\u00e7a que nos \u00e9 [&hellip;]<\/p>\n","protected":false},"author":37,"featured_media":2397,"comment_status":"closed","ping_status":"closed","sticky":false,"template":"","format":"standard","meta":{"footnotes":""},"categories":[75751],"tags":[],"class_list":["post-2395","post","type-post","status-publish","format-standard","has-post-thumbnail","hentry","category-dicas-de-leitura"],"jetpack_featured_media_url":"https:\/\/wp.ufpel.edu.br\/sisbi\/files\/2017\/06\/12705371_440481416146593_5972852183136447384_n-e1496402945816.jpg","_links":{"self":[{"href":"https:\/\/wp.ufpel.edu.br\/sisbi\/wp-json\/wp\/v2\/posts\/2395","targetHints":{"allow":["GET"]}}],"collection":[{"href":"https:\/\/wp.ufpel.edu.br\/sisbi\/wp-json\/wp\/v2\/posts"}],"about":[{"href":"https:\/\/wp.ufpel.edu.br\/sisbi\/wp-json\/wp\/v2\/types\/post"}],"author":[{"embeddable":true,"href":"https:\/\/wp.ufpel.edu.br\/sisbi\/wp-json\/wp\/v2\/users\/37"}],"replies":[{"embeddable":true,"href":"https:\/\/wp.ufpel.edu.br\/sisbi\/wp-json\/wp\/v2\/comments?post=2395"}],"version-history":[{"count":1,"href":"https:\/\/wp.ufpel.edu.br\/sisbi\/wp-json\/wp\/v2\/posts\/2395\/revisions"}],"predecessor-version":[{"id":2398,"href":"https:\/\/wp.ufpel.edu.br\/sisbi\/wp-json\/wp\/v2\/posts\/2395\/revisions\/2398"}],"wp:featuredmedia":[{"embeddable":true,"href":"https:\/\/wp.ufpel.edu.br\/sisbi\/wp-json\/wp\/v2\/media\/2397"}],"wp:attachment":[{"href":"https:\/\/wp.ufpel.edu.br\/sisbi\/wp-json\/wp\/v2\/media?parent=2395"}],"wp:term":[{"taxonomy":"category","embeddable":true,"href":"https:\/\/wp.ufpel.edu.br\/sisbi\/wp-json\/wp\/v2\/categories?post=2395"},{"taxonomy":"post_tag","embeddable":true,"href":"https:\/\/wp.ufpel.edu.br\/sisbi\/wp-json\/wp\/v2\/tags?post=2395"}],"curies":[{"name":"wp","href":"https:\/\/api.w.org\/{rel}","templated":true}]}}