{"id":2385,"date":"2017-06-01T08:50:19","date_gmt":"2017-06-01T11:50:19","guid":{"rendered":"https:\/\/wp.ufpel.edu.br\/sisbi\/?p=2385"},"modified":"2017-06-01T08:50:19","modified_gmt":"2017-06-01T11:50:19","slug":"ostra-feliz-nao-faz-perola-rubem-alves","status":"publish","type":"post","link":"https:\/\/wp.ufpel.edu.br\/sisbi\/2017\/06\/01\/ostra-feliz-nao-faz-perola-rubem-alves\/","title":{"rendered":"OSTRA FELIZ N\u00c3O FAZ P\u00c9ROLA \u2013 Rubem Alves"},"content":{"rendered":"<p>Ostras felizes n\u00e3o fazem p\u00e9rolas. Pessoas felizes n\u00e3o sentem a necessidade de criar. O ato criador, seja na ci\u00eancia ou na arte, surge sempre de uma dor. N\u00e3o \u00e9 preciso que seja uma dor do\u00edda. Por vezes a dor aparece como aquela coceira que tem o nome de curiosidade. Com estas palavras, o pr\u00f3prio autor define o seu livro. Rubem Alves, um dos intelectuais mais respeitados do Brasil revela muito de suas pr\u00f3prias experi\u00eancias de vida em Ostra feliz n\u00e3o faz p\u00e9rola. Um prato cheio para quem busca conhecer novos pontos de vista sobre a vida.<\/p>\n<p>Livro indicado por\u00a0Meli Specht.<\/p>\n<p><a href=\"https:\/\/wp.ufpel.edu.br\/sisbi\/files\/2017\/06\/OSTRA-FELIZ-N\u00c3O-FAZ-P\u00c9ROLA-\u2013-Rubem-Alves-e1496317805478.jpg\"><img class=\"alignleft size-full wp-image-2387\" src=\"https:\/\/wp.ufpel.edu.br\/sisbi\/files\/2017\/06\/OSTRA-FELIZ-N\u00c3O-FAZ-P\u00c9ROLA-\u2013-Rubem-Alves-e1496317805478.jpg\" alt=\"\" width=\"303\" height=\"436\" \/><\/a><\/p>\n","protected":false},"excerpt":{"rendered":"<p>Ostras felizes n\u00e3o fazem p\u00e9rolas. Pessoas felizes n\u00e3o sentem a necessidade de criar. O ato criador, seja na ci\u00eancia ou na arte, surge sempre de uma dor. N\u00e3o \u00e9 preciso que seja uma dor do\u00edda. Por vezes a dor aparece como aquela coceira que tem o nome de curiosidade. Com estas palavras, o pr\u00f3prio autor [&hellip;]<\/p>\n","protected":false},"author":37,"featured_media":2387,"comment_status":"closed","ping_status":"closed","sticky":false,"template":"","format":"standard","meta":{"footnotes":""},"categories":[75751],"tags":[],"class_list":["post-2385","post","type-post","status-publish","format-standard","has-post-thumbnail","hentry","category-dicas-de-leitura"],"jetpack_featured_media_url":"https:\/\/wp.ufpel.edu.br\/sisbi\/files\/2017\/06\/OSTRA-FELIZ-N\u00c3O-FAZ-P\u00c9ROLA-\u2013-Rubem-Alves-e1496317805478.jpg","_links":{"self":[{"href":"https:\/\/wp.ufpel.edu.br\/sisbi\/wp-json\/wp\/v2\/posts\/2385","targetHints":{"allow":["GET"]}}],"collection":[{"href":"https:\/\/wp.ufpel.edu.br\/sisbi\/wp-json\/wp\/v2\/posts"}],"about":[{"href":"https:\/\/wp.ufpel.edu.br\/sisbi\/wp-json\/wp\/v2\/types\/post"}],"author":[{"embeddable":true,"href":"https:\/\/wp.ufpel.edu.br\/sisbi\/wp-json\/wp\/v2\/users\/37"}],"replies":[{"embeddable":true,"href":"https:\/\/wp.ufpel.edu.br\/sisbi\/wp-json\/wp\/v2\/comments?post=2385"}],"version-history":[{"count":1,"href":"https:\/\/wp.ufpel.edu.br\/sisbi\/wp-json\/wp\/v2\/posts\/2385\/revisions"}],"predecessor-version":[{"id":2388,"href":"https:\/\/wp.ufpel.edu.br\/sisbi\/wp-json\/wp\/v2\/posts\/2385\/revisions\/2388"}],"wp:featuredmedia":[{"embeddable":true,"href":"https:\/\/wp.ufpel.edu.br\/sisbi\/wp-json\/wp\/v2\/media\/2387"}],"wp:attachment":[{"href":"https:\/\/wp.ufpel.edu.br\/sisbi\/wp-json\/wp\/v2\/media?parent=2385"}],"wp:term":[{"taxonomy":"category","embeddable":true,"href":"https:\/\/wp.ufpel.edu.br\/sisbi\/wp-json\/wp\/v2\/categories?post=2385"},{"taxonomy":"post_tag","embeddable":true,"href":"https:\/\/wp.ufpel.edu.br\/sisbi\/wp-json\/wp\/v2\/tags?post=2385"}],"curies":[{"name":"wp","href":"https:\/\/api.w.org\/{rel}","templated":true}]}}