{"id":2379,"date":"2017-05-31T18:10:15","date_gmt":"2017-05-31T21:10:15","guid":{"rendered":"https:\/\/wp.ufpel.edu.br\/sisbi\/?p=2379"},"modified":"2017-06-01T09:06:20","modified_gmt":"2017-06-01T12:06:20","slug":"horario-das-entrevistas-dos-candidatos-a-bolsa-do-nulab","status":"publish","type":"post","link":"https:\/\/wp.ufpel.edu.br\/sisbi\/2017\/05\/31\/horario-das-entrevistas-dos-candidatos-a-bolsa-do-nulab\/","title":{"rendered":"Hor\u00e1rio das entrevistas dos candidatos \u00e0 bolsa do NULAB"},"content":{"rendered":"<p style=\"text-align: center\">Veja, abaixo, o hor\u00e1rio das entrevistas dos candidatos \u00e0 bolsa do NULAB.<\/p>\n<table style=\"height: 332px\" width=\"679\">\n<tbody>\n<tr>\n<td style=\"text-align: center\"><strong>Local:<\/strong><\/td>\n<td style=\"text-align: center\"><strong>Coordena\u00e7\u00e3o de Bibliotecas<\/strong><\/td>\n<\/tr>\n<tr>\n<td style=\"text-align: center\"><strong>Data e hor\u00e1rio das entrevistas<\/strong><\/td>\n<td style=\"text-align: center\"><strong>Nome do candidato<\/strong><\/td>\n<\/tr>\n<tr>\n<td style=\"text-align: center\">1\u00ba\/06\/2017 \u00e0s 10h<\/td>\n<td style=\"text-align: center\">Bruna Moreira Sell<\/td>\n<\/tr>\n<tr>\n<td style=\"text-align: center\">1\u00ba\/06\/2017 \u00e0s 10h10min<\/td>\n<td style=\"text-align: center\">Daiana Nieswald Minks<\/td>\n<\/tr>\n<tr>\n<td style=\"text-align: center\">1\u00ba\/06\/2017 \u00e0s 10h20min<\/td>\n<td style=\"text-align: center\">Francieli Jorge<\/td>\n<\/tr>\n<tr>\n<td style=\"text-align: center\">1\u00ba\/06\/2017 \u00e0s 10h30min<\/td>\n<td style=\"text-align: center\">J\u00e9ssica Concei\u00e7\u00e3o Corr\u00eaa<\/td>\n<\/tr>\n<tr>\n<td style=\"text-align: center\">1\u00ba\/06\/2017 \u00e0s 10h40min<\/td>\n<td style=\"text-align: center\">Jove \u00c1vila Vaz<\/td>\n<\/tr>\n<tr>\n<td style=\"text-align: center\">1\u00ba\/06\/2017 \u00e0s 10h50min<\/td>\n<td style=\"text-align: center\">Larissa Xavier Rodrigues<\/td>\n<\/tr>\n<tr>\n<td style=\"text-align: center\">1\u00ba\/06\/2017 \u00e0s 11h<\/td>\n<td style=\"text-align: center\">Liara Kurtz<\/td>\n<\/tr>\n<tr>\n<td style=\"text-align: center\">1\u00ba\/06\/2017 \u00e0s 11h10min<\/td>\n<td style=\"text-align: center\">Lucas Valad\u00e3o Schreiber<\/td>\n<\/tr>\n<tr>\n<td style=\"text-align: center\">1\u00ba\/06\/2017 \u00e0s 11h20min<\/td>\n<td style=\"text-align: center\">Lu\u00eds Renato Macedo Sanches<\/td>\n<\/tr>\n<tr>\n<td style=\"text-align: center\">1\u00ba\/06\/2017 \u00e0s 11h30min<\/td>\n<td style=\"text-align: center\">Nadri\u00e9lli Chaves da Cunha<\/td>\n<\/tr>\n<\/tbody>\n<\/table>\n<p>&nbsp;<\/p>\n<p>Informamos que os candidatos, cujos nomes n\u00e3o constam na tabela, foram desclassificados por n\u00e3o atenderem aos requisitos do Edital.<\/p>\n<p>&nbsp;<\/p>\n","protected":false},"excerpt":{"rendered":"<p>Veja, abaixo, o hor\u00e1rio das entrevistas dos candidatos \u00e0 bolsa do NULAB. Local: Coordena\u00e7\u00e3o de Bibliotecas Data e hor\u00e1rio das entrevistas Nome do candidato 1\u00ba\/06\/2017 \u00e0s 10h Bruna Moreira Sell 1\u00ba\/06\/2017 \u00e0s 10h10min Daiana Nieswald Minks 1\u00ba\/06\/2017 \u00e0s 10h20min Francieli Jorge 1\u00ba\/06\/2017 \u00e0s 10h30min J\u00e9ssica Concei\u00e7\u00e3o Corr\u00eaa 1\u00ba\/06\/2017 \u00e0s 10h40min Jove \u00c1vila Vaz 1\u00ba\/06\/2017 \u00e0s [&hellip;]<\/p>\n","protected":false},"author":37,"featured_media":0,"comment_status":"closed","ping_status":"closed","sticky":false,"template":"","format":"standard","meta":{"footnotes":""},"categories":[1],"tags":[],"class_list":["post-2379","post","type-post","status-publish","format-standard","hentry","category-noticias"],"jetpack_featured_media_url":"","_links":{"self":[{"href":"https:\/\/wp.ufpel.edu.br\/sisbi\/wp-json\/wp\/v2\/posts\/2379","targetHints":{"allow":["GET"]}}],"collection":[{"href":"https:\/\/wp.ufpel.edu.br\/sisbi\/wp-json\/wp\/v2\/posts"}],"about":[{"href":"https:\/\/wp.ufpel.edu.br\/sisbi\/wp-json\/wp\/v2\/types\/post"}],"author":[{"embeddable":true,"href":"https:\/\/wp.ufpel.edu.br\/sisbi\/wp-json\/wp\/v2\/users\/37"}],"replies":[{"embeddable":true,"href":"https:\/\/wp.ufpel.edu.br\/sisbi\/wp-json\/wp\/v2\/comments?post=2379"}],"version-history":[{"count":5,"href":"https:\/\/wp.ufpel.edu.br\/sisbi\/wp-json\/wp\/v2\/posts\/2379\/revisions"}],"predecessor-version":[{"id":2389,"href":"https:\/\/wp.ufpel.edu.br\/sisbi\/wp-json\/wp\/v2\/posts\/2379\/revisions\/2389"}],"wp:attachment":[{"href":"https:\/\/wp.ufpel.edu.br\/sisbi\/wp-json\/wp\/v2\/media?parent=2379"}],"wp:term":[{"taxonomy":"category","embeddable":true,"href":"https:\/\/wp.ufpel.edu.br\/sisbi\/wp-json\/wp\/v2\/categories?post=2379"},{"taxonomy":"post_tag","embeddable":true,"href":"https:\/\/wp.ufpel.edu.br\/sisbi\/wp-json\/wp\/v2\/tags?post=2379"}],"curies":[{"name":"wp","href":"https:\/\/api.w.org\/{rel}","templated":true}]}}