{"id":2370,"date":"2017-05-31T08:40:10","date_gmt":"2017-05-31T11:40:10","guid":{"rendered":"https:\/\/wp.ufpel.edu.br\/sisbi\/?p=2370"},"modified":"2017-05-31T08:40:10","modified_gmt":"2017-05-31T11:40:10","slug":"o-que-e-loucura-delirio-e-sanidade-na-vida-cotidiana-darian-leader","status":"publish","type":"post","link":"https:\/\/wp.ufpel.edu.br\/sisbi\/2017\/05\/31\/o-que-e-loucura-delirio-e-sanidade-na-vida-cotidiana-darian-leader\/","title":{"rendered":"O QUE \u00c9 LOUCURA: DEL\u00cdRIO E SANIDADE NA VIDA COTIDIANA &#8211; Darian Leader"},"content":{"rendered":"<p>A loucura \u00e9 definida em nossa cultura pela visibilidade. Da imprensa popular \u00e0s novelas e aos filmes, o retrato da loucura \u00e9 sempre extremo: explos\u00f5es de viol\u00eancia, acessos, alucina\u00e7\u00f5es. Mas e se a loucura n\u00e3o for o que pensamos que ela \u00e9? E se as caracter\u00edsticas que a definem n\u00e3o forem vis\u00edveis e dram\u00e1ticas, mas sim, ao contr\u00e1rio, extremamente discretas, compartilhadas por cidad\u00e3os medianos que jamais consultar\u00e3o um psiquiatra? E se, em outras palavras, houver uma diferen\u00e7a entre ser louco e ficar louco? Em O que \u00e9 loucura? o psicanalista Darian Leader d\u00e1 continuidade ao seu projeto de falar de temas psicanal\u00edticos para um p\u00fablico amplo. Com clareza e consist\u00eancia, analisa casos, exemplos da vida cotidiana e da vida cl\u00ednica, reavaliando par\u00e2metros e crit\u00e9rios usados para definir e tratar aqueles que se desviam dos padr\u00f5es de normalidade. O autor explora a ideia da loucura silenciosa \u2013 a ideia de que muitos de n\u00f3s temos vidas interiores que est\u00e3o longe de serem s\u00e3s, mas que nos permitem funcionar normalmente no mundo, sem parecermos uma amea\u00e7a \u00e0 sociedade ou a n\u00f3s mesmos. E defende a import\u00e2ncia de se escutar com cuidado o paciente e respeitar seu mundo. Pois, afirma, somente com essa aten\u00e7\u00e3o e com um olhar menos rotulante \u00e9 poss\u00edvel para o terapeuta descobrir a l\u00f3gica por tr\u00e1s do discurso de um \u201clouco\u201d.<\/p>\n<p>Livro indicado por\u00a0Jo\u00e3o Gilberto Oliveira.<\/p>\n<p><a href=\"https:\/\/wp.ufpel.edu.br\/sisbi\/files\/2017\/05\/12662721_436419343219467_8359191226919118934_n-e1496230768222.jpg\"><img class=\"alignleft size-full wp-image-2372\" src=\"https:\/\/wp.ufpel.edu.br\/sisbi\/files\/2017\/05\/12662721_436419343219467_8359191226919118934_n-e1496230768222.jpg\" alt=\"\" width=\"303\" height=\"435\" \/><\/a><\/p>\n","protected":false},"excerpt":{"rendered":"<p>A loucura \u00e9 definida em nossa cultura pela visibilidade. Da imprensa popular \u00e0s novelas e aos filmes, o retrato da loucura \u00e9 sempre extremo: explos\u00f5es de viol\u00eancia, acessos, alucina\u00e7\u00f5es. Mas e se a loucura n\u00e3o for o que pensamos que ela \u00e9? E se as caracter\u00edsticas que a definem n\u00e3o forem vis\u00edveis e dram\u00e1ticas, mas [&hellip;]<\/p>\n","protected":false},"author":37,"featured_media":2372,"comment_status":"closed","ping_status":"closed","sticky":false,"template":"","format":"standard","meta":{"footnotes":""},"categories":[75751],"tags":[],"class_list":["post-2370","post","type-post","status-publish","format-standard","has-post-thumbnail","hentry","category-dicas-de-leitura"],"jetpack_featured_media_url":"https:\/\/wp.ufpel.edu.br\/sisbi\/files\/2017\/05\/12662721_436419343219467_8359191226919118934_n-e1496230768222.jpg","_links":{"self":[{"href":"https:\/\/wp.ufpel.edu.br\/sisbi\/wp-json\/wp\/v2\/posts\/2370","targetHints":{"allow":["GET"]}}],"collection":[{"href":"https:\/\/wp.ufpel.edu.br\/sisbi\/wp-json\/wp\/v2\/posts"}],"about":[{"href":"https:\/\/wp.ufpel.edu.br\/sisbi\/wp-json\/wp\/v2\/types\/post"}],"author":[{"embeddable":true,"href":"https:\/\/wp.ufpel.edu.br\/sisbi\/wp-json\/wp\/v2\/users\/37"}],"replies":[{"embeddable":true,"href":"https:\/\/wp.ufpel.edu.br\/sisbi\/wp-json\/wp\/v2\/comments?post=2370"}],"version-history":[{"count":1,"href":"https:\/\/wp.ufpel.edu.br\/sisbi\/wp-json\/wp\/v2\/posts\/2370\/revisions"}],"predecessor-version":[{"id":2373,"href":"https:\/\/wp.ufpel.edu.br\/sisbi\/wp-json\/wp\/v2\/posts\/2370\/revisions\/2373"}],"wp:featuredmedia":[{"embeddable":true,"href":"https:\/\/wp.ufpel.edu.br\/sisbi\/wp-json\/wp\/v2\/media\/2372"}],"wp:attachment":[{"href":"https:\/\/wp.ufpel.edu.br\/sisbi\/wp-json\/wp\/v2\/media?parent=2370"}],"wp:term":[{"taxonomy":"category","embeddable":true,"href":"https:\/\/wp.ufpel.edu.br\/sisbi\/wp-json\/wp\/v2\/categories?post=2370"},{"taxonomy":"post_tag","embeddable":true,"href":"https:\/\/wp.ufpel.edu.br\/sisbi\/wp-json\/wp\/v2\/tags?post=2370"}],"curies":[{"name":"wp","href":"https:\/\/api.w.org\/{rel}","templated":true}]}}