{"id":2358,"date":"2017-05-30T08:24:20","date_gmt":"2017-05-30T11:24:20","guid":{"rendered":"https:\/\/wp.ufpel.edu.br\/sisbi\/?p=2358"},"modified":"2017-05-30T08:24:20","modified_gmt":"2017-05-30T11:24:20","slug":"o-pais-dos-petralhas-vol-ii-reinaldo-azevedo","status":"publish","type":"post","link":"https:\/\/wp.ufpel.edu.br\/sisbi\/2017\/05\/30\/o-pais-dos-petralhas-vol-ii-reinaldo-azevedo\/","title":{"rendered":"O PA\u00cdS DOS PETRALHAS \u2013 Vol II \u2013 Reinaldo Azevedo"},"content":{"rendered":"<p>Nova reuni\u00e3o de artigos e ensaios publicados pelo jornalista, o mais influente analista pol\u00edtico do Brasil, em seu blog na VEJA Online. De leitura muito fluente, ao mesmo tempo profundos e \u00e1geis, pol\u00eamicos (ir\u00f4nicos) e esclarecedores, provocativos e reflexivos, duros mas esperan\u00e7osos, os textos abordam criticamente \u2013 valendo-se de um olhar que foge ao senso comum e que investe no debate de ideias, no exerc\u00edcio da diverg\u00eancia, no prazer da discord\u00e2ncia \u2013 as principais quest\u00f5es brasileiras (e mundiais) deste in\u00edcio de s\u00e9culo XXI: aborto, religi\u00e3o, homossexualismo, o poder de Lula e o governo Dilma, o papel da oposi\u00e7\u00e3o no pa\u00eds, Bolsa Fam\u00edlia, \u201cComiss\u00e3o da Verdade\u201d, seguran\u00e7a p\u00fablica, racismo e cotas raciais, ambientalismo e c\u00f3digo florestal, \u201cmarcha da maconha\u201d e descrimina\u00e7\u00e3o das drogas, e Obama (EUA), Israel, Palestina e a \u201cPrimavera \u00c1rabe\u201d, entre outros v\u00e1rios temas de que o autor se vale para, afinal e incondicionalmente, defender a Constitui\u00e7\u00e3o, as institui\u00e7\u00f5es, os direitos fundamentais do cidad\u00e3o, a democracia representativa e, portanto e acima de tudo, a liberdade.<\/p>\n<p>Livro indicado por Leonardo Ferreira.<\/p>\n<p><a href=\"https:\/\/wp.ufpel.edu.br\/sisbi\/files\/2017\/05\/10410383_293483854179684_4498233960237930379_n-e1496143438845.jpg\"><img class=\"alignleft size-full wp-image-2360\" src=\"https:\/\/wp.ufpel.edu.br\/sisbi\/files\/2017\/05\/10410383_293483854179684_4498233960237930379_n-e1496143438845.jpg\" alt=\"\" width=\"303\" height=\"455\" \/><\/a><\/p>\n","protected":false},"excerpt":{"rendered":"<p>Nova reuni\u00e3o de artigos e ensaios publicados pelo jornalista, o mais influente analista pol\u00edtico do Brasil, em seu blog na VEJA Online. De leitura muito fluente, ao mesmo tempo profundos e \u00e1geis, pol\u00eamicos (ir\u00f4nicos) e esclarecedores, provocativos e reflexivos, duros mas esperan\u00e7osos, os textos abordam criticamente \u2013 valendo-se de um olhar que foge ao senso [&hellip;]<\/p>\n","protected":false},"author":37,"featured_media":2360,"comment_status":"closed","ping_status":"closed","sticky":false,"template":"","format":"standard","meta":{"footnotes":""},"categories":[75751],"tags":[],"class_list":["post-2358","post","type-post","status-publish","format-standard","has-post-thumbnail","hentry","category-dicas-de-leitura"],"jetpack_featured_media_url":"https:\/\/wp.ufpel.edu.br\/sisbi\/files\/2017\/05\/10410383_293483854179684_4498233960237930379_n-e1496143438845.jpg","_links":{"self":[{"href":"https:\/\/wp.ufpel.edu.br\/sisbi\/wp-json\/wp\/v2\/posts\/2358","targetHints":{"allow":["GET"]}}],"collection":[{"href":"https:\/\/wp.ufpel.edu.br\/sisbi\/wp-json\/wp\/v2\/posts"}],"about":[{"href":"https:\/\/wp.ufpel.edu.br\/sisbi\/wp-json\/wp\/v2\/types\/post"}],"author":[{"embeddable":true,"href":"https:\/\/wp.ufpel.edu.br\/sisbi\/wp-json\/wp\/v2\/users\/37"}],"replies":[{"embeddable":true,"href":"https:\/\/wp.ufpel.edu.br\/sisbi\/wp-json\/wp\/v2\/comments?post=2358"}],"version-history":[{"count":1,"href":"https:\/\/wp.ufpel.edu.br\/sisbi\/wp-json\/wp\/v2\/posts\/2358\/revisions"}],"predecessor-version":[{"id":2361,"href":"https:\/\/wp.ufpel.edu.br\/sisbi\/wp-json\/wp\/v2\/posts\/2358\/revisions\/2361"}],"wp:featuredmedia":[{"embeddable":true,"href":"https:\/\/wp.ufpel.edu.br\/sisbi\/wp-json\/wp\/v2\/media\/2360"}],"wp:attachment":[{"href":"https:\/\/wp.ufpel.edu.br\/sisbi\/wp-json\/wp\/v2\/media?parent=2358"}],"wp:term":[{"taxonomy":"category","embeddable":true,"href":"https:\/\/wp.ufpel.edu.br\/sisbi\/wp-json\/wp\/v2\/categories?post=2358"},{"taxonomy":"post_tag","embeddable":true,"href":"https:\/\/wp.ufpel.edu.br\/sisbi\/wp-json\/wp\/v2\/tags?post=2358"}],"curies":[{"name":"wp","href":"https:\/\/api.w.org\/{rel}","templated":true}]}}