{"id":2352,"date":"2017-05-29T18:26:56","date_gmt":"2017-05-29T21:26:56","guid":{"rendered":"https:\/\/wp.ufpel.edu.br\/sisbi\/?p=2352"},"modified":"2017-05-29T18:27:20","modified_gmt":"2017-05-29T21:27:20","slug":"resultado-do-processo-seletivo-para-o-programa-de-bolsas-de-iniciacao-ao-trabalho","status":"publish","type":"post","link":"https:\/\/wp.ufpel.edu.br\/sisbi\/2017\/05\/29\/resultado-do-processo-seletivo-para-o-programa-de-bolsas-de-iniciacao-ao-trabalho\/","title":{"rendered":"Resultado do Processo Seletivo para o Programa de Bolsas de Inicia\u00e7\u00e3o ao Trabalho"},"content":{"rendered":"<p>A Coordena\u00e7\u00e3o de Bibliotecas torna p\u00fablico o resultado do Processo Seletivo para o Programa de Bolsas de Inicia\u00e7\u00e3o ao Trabalho.<br \/>\n<a href=\"https:\/\/wp.ufpel.edu.br\/sisbi\/files\/2017\/05\/Resultado-da-Sele\u00e7\u00e3o-das-BIT-2017.pdf\">Resultado da Sele\u00e7\u00e3o das BIT 2017<\/a><\/p>\n","protected":false},"excerpt":{"rendered":"<p>A Coordena\u00e7\u00e3o de Bibliotecas torna p\u00fablico o resultado do Processo Seletivo para o Programa de Bolsas de Inicia\u00e7\u00e3o ao Trabalho. Resultado da Sele\u00e7\u00e3o das BIT 2017<\/p>\n","protected":false},"author":37,"featured_media":0,"comment_status":"closed","ping_status":"closed","sticky":false,"template":"","format":"standard","meta":{"footnotes":""},"categories":[1],"tags":[],"class_list":["post-2352","post","type-post","status-publish","format-standard","hentry","category-noticias"],"jetpack_featured_media_url":"","_links":{"self":[{"href":"https:\/\/wp.ufpel.edu.br\/sisbi\/wp-json\/wp\/v2\/posts\/2352","targetHints":{"allow":["GET"]}}],"collection":[{"href":"https:\/\/wp.ufpel.edu.br\/sisbi\/wp-json\/wp\/v2\/posts"}],"about":[{"href":"https:\/\/wp.ufpel.edu.br\/sisbi\/wp-json\/wp\/v2\/types\/post"}],"author":[{"embeddable":true,"href":"https:\/\/wp.ufpel.edu.br\/sisbi\/wp-json\/wp\/v2\/users\/37"}],"replies":[{"embeddable":true,"href":"https:\/\/wp.ufpel.edu.br\/sisbi\/wp-json\/wp\/v2\/comments?post=2352"}],"version-history":[{"count":3,"href":"https:\/\/wp.ufpel.edu.br\/sisbi\/wp-json\/wp\/v2\/posts\/2352\/revisions"}],"predecessor-version":[{"id":2357,"href":"https:\/\/wp.ufpel.edu.br\/sisbi\/wp-json\/wp\/v2\/posts\/2352\/revisions\/2357"}],"wp:attachment":[{"href":"https:\/\/wp.ufpel.edu.br\/sisbi\/wp-json\/wp\/v2\/media?parent=2352"}],"wp:term":[{"taxonomy":"category","embeddable":true,"href":"https:\/\/wp.ufpel.edu.br\/sisbi\/wp-json\/wp\/v2\/categories?post=2352"},{"taxonomy":"post_tag","embeddable":true,"href":"https:\/\/wp.ufpel.edu.br\/sisbi\/wp-json\/wp\/v2\/tags?post=2352"}],"curies":[{"name":"wp","href":"https:\/\/api.w.org\/{rel}","templated":true}]}}