{"id":2263,"date":"2017-05-24T11:13:27","date_gmt":"2017-05-24T14:13:27","guid":{"rendered":"https:\/\/wp.ufpel.edu.br\/sisbi\/?p=2263"},"modified":"2017-05-24T11:13:27","modified_gmt":"2017-05-24T14:13:27","slug":"pequenas-epifanias-caio-fernando-abreu","status":"publish","type":"post","link":"https:\/\/wp.ufpel.edu.br\/sisbi\/2017\/05\/24\/pequenas-epifanias-caio-fernando-abreu\/","title":{"rendered":"PEQUENAS EPIFANIAS \u2013 Caio Fernando Abreu"},"content":{"rendered":"<p>Epifania \u00e9 a express\u00e3o religiosa empregada para designar uma manifesta\u00e7\u00e3o divina. Por extens\u00e3o, \u00e9 o perceber s\u00fabito e imediato de uma realidade essencial, uma esp\u00e9cie de ilumina\u00e7\u00e3o. As cr\u00f4nicas escritas por Caio Fernando Abreu ret\u00eam essa qualidade.\u00a0Nas pouco mais de sessenta cr\u00f4nicas, publicadas no jornal O Estado de S. Paulo entre 1986 e 1995, Caio Fernando Abreu fala sobre belezas cotidianas, aqueles pequenos milagres que n\u00e3o raro passam batido perante nossos olhos cansados. Fala sobre prazer, como uma viagem de trem ou cuidar do jardim; fala de cenas que protagoniza, e de outras em que \u00e9 mero espectador, atr\u00e1s de sua janela paulistana. <span style=\"color: #000000\">Seus textos seguem t\u00e3o vivos quanto essas pequenas epifanias espalhadas vida afora.<\/span><\/p>\n<p>Livro indicado por Ana L\u00facia Jardim.<\/p>\n<p><a href=\"https:\/\/wp.ufpel.edu.br\/sisbi\/files\/2017\/05\/18643870_1041417165960558_1145521093_n-e1495634807815.jpg\"><img class=\"alignleft size-full wp-image-2265\" src=\"https:\/\/wp.ufpel.edu.br\/sisbi\/files\/2017\/05\/18643870_1041417165960558_1145521093_n-e1495634807815.jpg\" alt=\"\" width=\"303\" height=\"475\" \/><\/a><\/p>\n","protected":false},"excerpt":{"rendered":"<p>Epifania \u00e9 a express\u00e3o religiosa empregada para designar uma manifesta\u00e7\u00e3o divina. Por extens\u00e3o, \u00e9 o perceber s\u00fabito e imediato de uma realidade essencial, uma esp\u00e9cie de ilumina\u00e7\u00e3o. As cr\u00f4nicas escritas por Caio Fernando Abreu ret\u00eam essa qualidade.\u00a0Nas pouco mais de sessenta cr\u00f4nicas, publicadas no jornal O Estado de S. Paulo entre 1986 e 1995, Caio [&hellip;]<\/p>\n","protected":false},"author":37,"featured_media":2265,"comment_status":"closed","ping_status":"closed","sticky":false,"template":"","format":"standard","meta":{"footnotes":""},"categories":[75751],"tags":[],"class_list":["post-2263","post","type-post","status-publish","format-standard","has-post-thumbnail","hentry","category-dicas-de-leitura"],"jetpack_featured_media_url":"https:\/\/wp.ufpel.edu.br\/sisbi\/files\/2017\/05\/18643870_1041417165960558_1145521093_n-e1495634807815.jpg","_links":{"self":[{"href":"https:\/\/wp.ufpel.edu.br\/sisbi\/wp-json\/wp\/v2\/posts\/2263","targetHints":{"allow":["GET"]}}],"collection":[{"href":"https:\/\/wp.ufpel.edu.br\/sisbi\/wp-json\/wp\/v2\/posts"}],"about":[{"href":"https:\/\/wp.ufpel.edu.br\/sisbi\/wp-json\/wp\/v2\/types\/post"}],"author":[{"embeddable":true,"href":"https:\/\/wp.ufpel.edu.br\/sisbi\/wp-json\/wp\/v2\/users\/37"}],"replies":[{"embeddable":true,"href":"https:\/\/wp.ufpel.edu.br\/sisbi\/wp-json\/wp\/v2\/comments?post=2263"}],"version-history":[{"count":1,"href":"https:\/\/wp.ufpel.edu.br\/sisbi\/wp-json\/wp\/v2\/posts\/2263\/revisions"}],"predecessor-version":[{"id":2266,"href":"https:\/\/wp.ufpel.edu.br\/sisbi\/wp-json\/wp\/v2\/posts\/2263\/revisions\/2266"}],"wp:featuredmedia":[{"embeddable":true,"href":"https:\/\/wp.ufpel.edu.br\/sisbi\/wp-json\/wp\/v2\/media\/2265"}],"wp:attachment":[{"href":"https:\/\/wp.ufpel.edu.br\/sisbi\/wp-json\/wp\/v2\/media?parent=2263"}],"wp:term":[{"taxonomy":"category","embeddable":true,"href":"https:\/\/wp.ufpel.edu.br\/sisbi\/wp-json\/wp\/v2\/categories?post=2263"},{"taxonomy":"post_tag","embeddable":true,"href":"https:\/\/wp.ufpel.edu.br\/sisbi\/wp-json\/wp\/v2\/tags?post=2263"}],"curies":[{"name":"wp","href":"https:\/\/api.w.org\/{rel}","templated":true}]}}