{"id":2257,"date":"2017-05-23T16:25:52","date_gmt":"2017-05-23T19:25:52","guid":{"rendered":"https:\/\/wp.ufpel.edu.br\/sisbi\/?p=2257"},"modified":"2017-05-23T22:28:33","modified_gmt":"2017-05-24T01:28:33","slug":"encerramento-das-inscricoes-para-as-bolsas-de-iniciacao-ao-trabalho-da-cbib","status":"publish","type":"post","link":"https:\/\/wp.ufpel.edu.br\/sisbi\/2017\/05\/23\/encerramento-das-inscricoes-para-as-bolsas-de-iniciacao-ao-trabalho-da-cbib\/","title":{"rendered":"Encerramento das inscri\u00e7\u00f5es para as Bolsas de Inicia\u00e7\u00e3o ao Trabalho da CBib"},"content":{"rendered":"<p>A Coordena\u00e7\u00e3o de Bibliotecas informa que, devido \u00e0 paralisa\u00e7\u00e3o dos servidores t\u00e9cnico-administrativos, nesta quarta-feira, dia 24 de maio, as inscri\u00e7\u00f5es para as Bolsas de Inicia\u00e7\u00e3o ao Trabalho foram prorrogadas e encerram-se nesta quinta-feira, dia 25 de maio.<\/p>\n","protected":false},"excerpt":{"rendered":"<p>A Coordena\u00e7\u00e3o de Bibliotecas informa que, devido \u00e0 paralisa\u00e7\u00e3o dos servidores t\u00e9cnico-administrativos, nesta quarta-feira, dia 24 de maio, as inscri\u00e7\u00f5es para as Bolsas de Inicia\u00e7\u00e3o ao Trabalho foram prorrogadas e encerram-se nesta quinta-feira, dia 25 de maio.<\/p>\n","protected":false},"author":37,"featured_media":0,"comment_status":"closed","ping_status":"closed","sticky":false,"template":"","format":"standard","meta":{"footnotes":""},"categories":[1],"tags":[],"class_list":["post-2257","post","type-post","status-publish","format-standard","hentry","category-noticias"],"jetpack_featured_media_url":"","_links":{"self":[{"href":"https:\/\/wp.ufpel.edu.br\/sisbi\/wp-json\/wp\/v2\/posts\/2257","targetHints":{"allow":["GET"]}}],"collection":[{"href":"https:\/\/wp.ufpel.edu.br\/sisbi\/wp-json\/wp\/v2\/posts"}],"about":[{"href":"https:\/\/wp.ufpel.edu.br\/sisbi\/wp-json\/wp\/v2\/types\/post"}],"author":[{"embeddable":true,"href":"https:\/\/wp.ufpel.edu.br\/sisbi\/wp-json\/wp\/v2\/users\/37"}],"replies":[{"embeddable":true,"href":"https:\/\/wp.ufpel.edu.br\/sisbi\/wp-json\/wp\/v2\/comments?post=2257"}],"version-history":[{"count":2,"href":"https:\/\/wp.ufpel.edu.br\/sisbi\/wp-json\/wp\/v2\/posts\/2257\/revisions"}],"predecessor-version":[{"id":2262,"href":"https:\/\/wp.ufpel.edu.br\/sisbi\/wp-json\/wp\/v2\/posts\/2257\/revisions\/2262"}],"wp:attachment":[{"href":"https:\/\/wp.ufpel.edu.br\/sisbi\/wp-json\/wp\/v2\/media?parent=2257"}],"wp:term":[{"taxonomy":"category","embeddable":true,"href":"https:\/\/wp.ufpel.edu.br\/sisbi\/wp-json\/wp\/v2\/categories?post=2257"},{"taxonomy":"post_tag","embeddable":true,"href":"https:\/\/wp.ufpel.edu.br\/sisbi\/wp-json\/wp\/v2\/tags?post=2257"}],"curies":[{"name":"wp","href":"https:\/\/api.w.org\/{rel}","templated":true}]}}