{"id":2251,"date":"2017-05-23T08:31:14","date_gmt":"2017-05-23T11:31:14","guid":{"rendered":"https:\/\/wp.ufpel.edu.br\/sisbi\/?p=2251"},"modified":"2017-05-23T08:31:14","modified_gmt":"2017-05-23T11:31:14","slug":"literatura-e-formacao-do-leitor-escola-e-sociedade-ensino-e-educacao-joao-luis-pereira-ourique-org","status":"publish","type":"post","link":"https:\/\/wp.ufpel.edu.br\/sisbi\/2017\/05\/23\/literatura-e-formacao-do-leitor-escola-e-sociedade-ensino-e-educacao-joao-luis-pereira-ourique-org\/","title":{"rendered":"LITERATURA E FORMA\u00c7\u00c3O DO LEITOR: ESCOLA E SOCIEDADE, ENSINO E EDUCA\u00c7\u00c3O &#8211; Jo\u00e3o Luis Pereira Ourique (Org.)"},"content":{"rendered":"<p>O objetivo deste trabalho foi a disponibiliza\u00e7\u00e3o de um material que pusesse em discuss\u00e3o, considerando toda a dimens\u00e3o e a import\u00e2ncia do tema, a pr\u00f3pria ideia de forma\u00e7\u00e3o a partir da leitura de textos liter\u00e1rios, tanto em ambientes formais quanto informais de ensino e tamb\u00e9m nos mais variados n\u00edveis, desde a Educa\u00e7\u00e3o B\u00e1sica at\u00e9 o Ensino Superior. A partir das reflex\u00f5es com base em teorias acerca da forma\u00e7\u00e3o do leitor, da an\u00e1lise das pol\u00edticas p\u00fablicas e de metodologia de trabalho para o ensino de literatura, foram selecionados 12 textos de autoria de pesquisadores que est\u00e3o vinculados a diversas universidades brasileiras.<\/p>\n<p>Livro indicado por Sandra M. C. Ferreira.<\/p>\n<p><a href=\"https:\/\/wp.ufpel.edu.br\/sisbi\/files\/2017\/05\/Escola-e-sociedade_ensino-e-educa\u00e7\u00e3o.jpg\"><img class=\"alignleft size-full wp-image-2253\" src=\"https:\/\/wp.ufpel.edu.br\/sisbi\/files\/2017\/05\/Escola-e-sociedade_ensino-e-educa\u00e7\u00e3o.jpg\" alt=\"\" width=\"245\" height=\"343\" srcset=\"https:\/\/wp.ufpel.edu.br\/sisbi\/files\/2017\/05\/Escola-e-sociedade_ensino-e-educa\u00e7\u00e3o.jpg 245w, https:\/\/wp.ufpel.edu.br\/sisbi\/files\/2017\/05\/Escola-e-sociedade_ensino-e-educa\u00e7\u00e3o-114x159.jpg 114w, https:\/\/wp.ufpel.edu.br\/sisbi\/files\/2017\/05\/Escola-e-sociedade_ensino-e-educa\u00e7\u00e3o-227x318.jpg 227w\" sizes=\"(max-width: 245px) 100vw, 245px\" \/><\/a><\/p>\n<p>&nbsp;<\/p>\n","protected":false},"excerpt":{"rendered":"<p>O objetivo deste trabalho foi a disponibiliza\u00e7\u00e3o de um material que pusesse em discuss\u00e3o, considerando toda a dimens\u00e3o e a import\u00e2ncia do tema, a pr\u00f3pria ideia de forma\u00e7\u00e3o a partir da leitura de textos liter\u00e1rios, tanto em ambientes formais quanto informais de ensino e tamb\u00e9m nos mais variados n\u00edveis, desde a Educa\u00e7\u00e3o B\u00e1sica at\u00e9 o [&hellip;]<\/p>\n","protected":false},"author":37,"featured_media":2253,"comment_status":"closed","ping_status":"closed","sticky":false,"template":"","format":"standard","meta":{"footnotes":""},"categories":[75751],"tags":[],"class_list":["post-2251","post","type-post","status-publish","format-standard","has-post-thumbnail","hentry","category-dicas-de-leitura"],"jetpack_featured_media_url":"https:\/\/wp.ufpel.edu.br\/sisbi\/files\/2017\/05\/Escola-e-sociedade_ensino-e-educa\u00e7\u00e3o.jpg","_links":{"self":[{"href":"https:\/\/wp.ufpel.edu.br\/sisbi\/wp-json\/wp\/v2\/posts\/2251","targetHints":{"allow":["GET"]}}],"collection":[{"href":"https:\/\/wp.ufpel.edu.br\/sisbi\/wp-json\/wp\/v2\/posts"}],"about":[{"href":"https:\/\/wp.ufpel.edu.br\/sisbi\/wp-json\/wp\/v2\/types\/post"}],"author":[{"embeddable":true,"href":"https:\/\/wp.ufpel.edu.br\/sisbi\/wp-json\/wp\/v2\/users\/37"}],"replies":[{"embeddable":true,"href":"https:\/\/wp.ufpel.edu.br\/sisbi\/wp-json\/wp\/v2\/comments?post=2251"}],"version-history":[{"count":1,"href":"https:\/\/wp.ufpel.edu.br\/sisbi\/wp-json\/wp\/v2\/posts\/2251\/revisions"}],"predecessor-version":[{"id":2254,"href":"https:\/\/wp.ufpel.edu.br\/sisbi\/wp-json\/wp\/v2\/posts\/2251\/revisions\/2254"}],"wp:featuredmedia":[{"embeddable":true,"href":"https:\/\/wp.ufpel.edu.br\/sisbi\/wp-json\/wp\/v2\/media\/2253"}],"wp:attachment":[{"href":"https:\/\/wp.ufpel.edu.br\/sisbi\/wp-json\/wp\/v2\/media?parent=2251"}],"wp:term":[{"taxonomy":"category","embeddable":true,"href":"https:\/\/wp.ufpel.edu.br\/sisbi\/wp-json\/wp\/v2\/categories?post=2251"},{"taxonomy":"post_tag","embeddable":true,"href":"https:\/\/wp.ufpel.edu.br\/sisbi\/wp-json\/wp\/v2\/tags?post=2251"}],"curies":[{"name":"wp","href":"https:\/\/api.w.org\/{rel}","templated":true}]}}