{"id":2172,"date":"2017-05-15T08:38:05","date_gmt":"2017-05-15T11:38:05","guid":{"rendered":"https:\/\/wp.ufpel.edu.br\/sisbi\/?p=2172"},"modified":"2017-05-15T08:38:05","modified_gmt":"2017-05-15T11:38:05","slug":"kafka-e-a-boneca-viajante-jordi-sierra-i-fabra","status":"publish","type":"post","link":"https:\/\/wp.ufpel.edu.br\/sisbi\/2017\/05\/15\/kafka-e-a-boneca-viajante-jordi-sierra-i-fabra\/","title":{"rendered":"KAFKA E A BONECA VIAJANTE &#8211; Jordi Sierra i Fabra"},"content":{"rendered":"<p>Um ano antes de sua morte, Franz Kafka viveu uma experi\u00eancia singular. Passeando pelo parque de Steglitz, em Berlim, encontrou uma menina chorando porque havia perdido sua boneca. Para acalmar a garotinha, inventou uma hist\u00f3ria &#8211; a boneca n\u00e3o estava perdida, mas viajara, e ele, um &#8216;carteiro de bonecas&#8217;, tinha uma carta em seu poder que lhe entregaria no dia seguinte. Naquela noite, ele escreveu a primeira de muitas cartas que, durante tr\u00eas semanas, entregou pontualmente \u00e0 menina, narrando as perip\u00e9cias da boneca em todos os cantos do mundo. Inspirado por esta hist\u00f3ria pouco conhecida de Kafka, contada por Dora Diamant, companheira do escritor na \u00e9poca, Jordi Sierra i Frabra recria as cartas nunca encontradas e que constituem um dos mist\u00e9rios mais belos da narrativa do s\u00e9culo XX.<\/p>\n<p>Livro indicado por Gl\u00f3ria Azevedo.<\/p>\n<p><a href=\"https:\/\/wp.ufpel.edu.br\/sisbi\/files\/2017\/05\/KAFKA-E-A-BONECA-VIAJANTE-e1494848261469.jpg\"><img class=\"alignleft size-full wp-image-2174\" src=\"https:\/\/wp.ufpel.edu.br\/sisbi\/files\/2017\/05\/KAFKA-E-A-BONECA-VIAJANTE-e1494848261469.jpg\" alt=\"\" width=\"303\" height=\"474\" \/><\/a><\/p>\n","protected":false},"excerpt":{"rendered":"<p>Um ano antes de sua morte, Franz Kafka viveu uma experi\u00eancia singular. Passeando pelo parque de Steglitz, em Berlim, encontrou uma menina chorando porque havia perdido sua boneca. Para acalmar a garotinha, inventou uma hist\u00f3ria &#8211; a boneca n\u00e3o estava perdida, mas viajara, e ele, um &#8216;carteiro de bonecas&#8217;, tinha uma carta em seu poder [&hellip;]<\/p>\n","protected":false},"author":37,"featured_media":2174,"comment_status":"closed","ping_status":"closed","sticky":false,"template":"","format":"standard","meta":{"footnotes":""},"categories":[75751],"tags":[],"class_list":["post-2172","post","type-post","status-publish","format-standard","has-post-thumbnail","hentry","category-dicas-de-leitura"],"jetpack_featured_media_url":"https:\/\/wp.ufpel.edu.br\/sisbi\/files\/2017\/05\/KAFKA-E-A-BONECA-VIAJANTE-e1494848261469.jpg","_links":{"self":[{"href":"https:\/\/wp.ufpel.edu.br\/sisbi\/wp-json\/wp\/v2\/posts\/2172","targetHints":{"allow":["GET"]}}],"collection":[{"href":"https:\/\/wp.ufpel.edu.br\/sisbi\/wp-json\/wp\/v2\/posts"}],"about":[{"href":"https:\/\/wp.ufpel.edu.br\/sisbi\/wp-json\/wp\/v2\/types\/post"}],"author":[{"embeddable":true,"href":"https:\/\/wp.ufpel.edu.br\/sisbi\/wp-json\/wp\/v2\/users\/37"}],"replies":[{"embeddable":true,"href":"https:\/\/wp.ufpel.edu.br\/sisbi\/wp-json\/wp\/v2\/comments?post=2172"}],"version-history":[{"count":1,"href":"https:\/\/wp.ufpel.edu.br\/sisbi\/wp-json\/wp\/v2\/posts\/2172\/revisions"}],"predecessor-version":[{"id":2175,"href":"https:\/\/wp.ufpel.edu.br\/sisbi\/wp-json\/wp\/v2\/posts\/2172\/revisions\/2175"}],"wp:featuredmedia":[{"embeddable":true,"href":"https:\/\/wp.ufpel.edu.br\/sisbi\/wp-json\/wp\/v2\/media\/2174"}],"wp:attachment":[{"href":"https:\/\/wp.ufpel.edu.br\/sisbi\/wp-json\/wp\/v2\/media?parent=2172"}],"wp:term":[{"taxonomy":"category","embeddable":true,"href":"https:\/\/wp.ufpel.edu.br\/sisbi\/wp-json\/wp\/v2\/categories?post=2172"},{"taxonomy":"post_tag","embeddable":true,"href":"https:\/\/wp.ufpel.edu.br\/sisbi\/wp-json\/wp\/v2\/tags?post=2172"}],"curies":[{"name":"wp","href":"https:\/\/api.w.org\/{rel}","templated":true}]}}