{"id":2154,"date":"2017-05-10T10:20:34","date_gmt":"2017-05-10T13:20:34","guid":{"rendered":"https:\/\/wp.ufpel.edu.br\/sisbi\/?p=2154"},"modified":"2017-05-10T10:20:34","modified_gmt":"2017-05-10T13:20:34","slug":"pensar-e-ser-em-geografia-ruy-moreira","status":"publish","type":"post","link":"https:\/\/wp.ufpel.edu.br\/sisbi\/2017\/05\/10\/pensar-e-ser-em-geografia-ruy-moreira\/","title":{"rendered":"PENSAR E SER EM GEOGRAFIA &#8211; Ruy Moreira"},"content":{"rendered":"<p>&#8216;Pensar e Ser em Geografia&#8217; \u00e9 um convite a alunos e professores de geografia para transitarem com o autor pelo campo dos antigos e novos aspectos do pensamento geogr\u00e1fico, seus caminhos e embates. Da hist\u00f3ria da ci\u00eancia geogr\u00e1fica ao balan\u00e7o da problem\u00e1tica da exist\u00eancia e do ser no espa\u00e7o, Ruy Moreira &#8211; um dos mais importantes ge\u00f3grafos do cen\u00e1rio brasileiro &#8211; trabalha conceitos fundamentais e analisa o papel da geografia no s\u00e9culo XXI.<\/p>\n<p>Livro indicado por Lara Lemes.<\/p>\n<p><a href=\"https:\/\/wp.ufpel.edu.br\/sisbi\/files\/2017\/05\/Pensar-e-ser-em-geografia.jpg\"><img class=\"alignleft size-full wp-image-2156\" src=\"https:\/\/wp.ufpel.edu.br\/sisbi\/files\/2017\/05\/Pensar-e-ser-em-geografia.jpg\" alt=\"\" width=\"200\" height=\"287\" srcset=\"https:\/\/wp.ufpel.edu.br\/sisbi\/files\/2017\/05\/Pensar-e-ser-em-geografia.jpg 200w, https:\/\/wp.ufpel.edu.br\/sisbi\/files\/2017\/05\/Pensar-e-ser-em-geografia-111x159.jpg 111w\" sizes=\"(max-width: 200px) 100vw, 200px\" \/><\/a><\/p>\n","protected":false},"excerpt":{"rendered":"<p>&#8216;Pensar e Ser em Geografia&#8217; \u00e9 um convite a alunos e professores de geografia para transitarem com o autor pelo campo dos antigos e novos aspectos do pensamento geogr\u00e1fico, seus caminhos e embates. Da hist\u00f3ria da ci\u00eancia geogr\u00e1fica ao balan\u00e7o da problem\u00e1tica da exist\u00eancia e do ser no espa\u00e7o, Ruy Moreira &#8211; um dos mais [&hellip;]<\/p>\n","protected":false},"author":37,"featured_media":2156,"comment_status":"closed","ping_status":"closed","sticky":false,"template":"","format":"standard","meta":{"footnotes":""},"categories":[75751],"tags":[],"class_list":["post-2154","post","type-post","status-publish","format-standard","has-post-thumbnail","hentry","category-dicas-de-leitura"],"jetpack_featured_media_url":"https:\/\/wp.ufpel.edu.br\/sisbi\/files\/2017\/05\/Pensar-e-ser-em-geografia.jpg","_links":{"self":[{"href":"https:\/\/wp.ufpel.edu.br\/sisbi\/wp-json\/wp\/v2\/posts\/2154","targetHints":{"allow":["GET"]}}],"collection":[{"href":"https:\/\/wp.ufpel.edu.br\/sisbi\/wp-json\/wp\/v2\/posts"}],"about":[{"href":"https:\/\/wp.ufpel.edu.br\/sisbi\/wp-json\/wp\/v2\/types\/post"}],"author":[{"embeddable":true,"href":"https:\/\/wp.ufpel.edu.br\/sisbi\/wp-json\/wp\/v2\/users\/37"}],"replies":[{"embeddable":true,"href":"https:\/\/wp.ufpel.edu.br\/sisbi\/wp-json\/wp\/v2\/comments?post=2154"}],"version-history":[{"count":1,"href":"https:\/\/wp.ufpel.edu.br\/sisbi\/wp-json\/wp\/v2\/posts\/2154\/revisions"}],"predecessor-version":[{"id":2157,"href":"https:\/\/wp.ufpel.edu.br\/sisbi\/wp-json\/wp\/v2\/posts\/2154\/revisions\/2157"}],"wp:featuredmedia":[{"embeddable":true,"href":"https:\/\/wp.ufpel.edu.br\/sisbi\/wp-json\/wp\/v2\/media\/2156"}],"wp:attachment":[{"href":"https:\/\/wp.ufpel.edu.br\/sisbi\/wp-json\/wp\/v2\/media?parent=2154"}],"wp:term":[{"taxonomy":"category","embeddable":true,"href":"https:\/\/wp.ufpel.edu.br\/sisbi\/wp-json\/wp\/v2\/categories?post=2154"},{"taxonomy":"post_tag","embeddable":true,"href":"https:\/\/wp.ufpel.edu.br\/sisbi\/wp-json\/wp\/v2\/tags?post=2154"}],"curies":[{"name":"wp","href":"https:\/\/api.w.org\/{rel}","templated":true}]}}