{"id":2081,"date":"2017-04-29T09:42:30","date_gmt":"2017-04-29T12:42:30","guid":{"rendered":"https:\/\/wp.ufpel.edu.br\/sisbi\/?p=2081"},"modified":"2017-04-29T09:42:30","modified_gmt":"2017-04-29T12:42:30","slug":"feira-de-troca-de-leitura-na-calourada-ufpel-20171","status":"publish","type":"post","link":"https:\/\/wp.ufpel.edu.br\/sisbi\/2017\/04\/29\/feira-de-troca-de-leitura-na-calourada-ufpel-20171\/","title":{"rendered":"Feira de troca de leitura na Calourada UFPEL 2017\/1"},"content":{"rendered":"<p>A Coordena\u00e7\u00e3o de Bibliotecas da Universidade Federal de Pelotas (CBib\/UFPel),\u00a0convida a todxs universit\u00e1rixs a participarem da Calourada UFPEL 2017\/1. No dia 05 de maio estaremos com a Feira de troca de leitura a partir das 11h30 (Rua Alberto Rosa, entre Conde de Porto Alegre e Alm. Tamandar\u00e9). Sabe aquele livro que voc\u00ea j\u00e1 leu, um x\u00e9rox que j\u00e1 cumpriu a sua miss\u00e3o, um gibi ou uma revista que quer novos ares, vamos trocar?<br \/>\nParticipe da banca do troca, troca!!<\/p>\n<p><img class=\"alignleft size-full wp-image-2084\" src=\"https:\/\/wp.ufpel.edu.br\/sisbi\/files\/2017\/04\/0001-e1493469477679.jpg\" alt=\"\" width=\"600\" height=\"600\" \/><\/p>\n","protected":false},"excerpt":{"rendered":"<p>A Coordena\u00e7\u00e3o de Bibliotecas da Universidade Federal de Pelotas (CBib\/UFPel),\u00a0convida a todxs universit\u00e1rixs a participarem da Calourada UFPEL 2017\/1. No dia 05 de maio estaremos com a Feira de troca de leitura a partir das 11h30 (Rua Alberto Rosa, entre Conde de Porto Alegre e Alm. Tamandar\u00e9). Sabe aquele livro que voc\u00ea j\u00e1 leu, um [&hellip;]<\/p>\n","protected":false},"author":37,"featured_media":0,"comment_status":"closed","ping_status":"closed","sticky":false,"template":"","format":"standard","meta":{"footnotes":""},"categories":[1],"tags":[],"class_list":["post-2081","post","type-post","status-publish","format-standard","hentry","category-noticias"],"jetpack_featured_media_url":"","_links":{"self":[{"href":"https:\/\/wp.ufpel.edu.br\/sisbi\/wp-json\/wp\/v2\/posts\/2081","targetHints":{"allow":["GET"]}}],"collection":[{"href":"https:\/\/wp.ufpel.edu.br\/sisbi\/wp-json\/wp\/v2\/posts"}],"about":[{"href":"https:\/\/wp.ufpel.edu.br\/sisbi\/wp-json\/wp\/v2\/types\/post"}],"author":[{"embeddable":true,"href":"https:\/\/wp.ufpel.edu.br\/sisbi\/wp-json\/wp\/v2\/users\/37"}],"replies":[{"embeddable":true,"href":"https:\/\/wp.ufpel.edu.br\/sisbi\/wp-json\/wp\/v2\/comments?post=2081"}],"version-history":[{"count":1,"href":"https:\/\/wp.ufpel.edu.br\/sisbi\/wp-json\/wp\/v2\/posts\/2081\/revisions"}],"predecessor-version":[{"id":2085,"href":"https:\/\/wp.ufpel.edu.br\/sisbi\/wp-json\/wp\/v2\/posts\/2081\/revisions\/2085"}],"wp:attachment":[{"href":"https:\/\/wp.ufpel.edu.br\/sisbi\/wp-json\/wp\/v2\/media?parent=2081"}],"wp:term":[{"taxonomy":"category","embeddable":true,"href":"https:\/\/wp.ufpel.edu.br\/sisbi\/wp-json\/wp\/v2\/categories?post=2081"},{"taxonomy":"post_tag","embeddable":true,"href":"https:\/\/wp.ufpel.edu.br\/sisbi\/wp-json\/wp\/v2\/tags?post=2081"}],"curies":[{"name":"wp","href":"https:\/\/api.w.org\/{rel}","templated":true}]}}