{"id":2017,"date":"2017-04-13T08:31:00","date_gmt":"2017-04-13T11:31:00","guid":{"rendered":"https:\/\/wp.ufpel.edu.br\/sisbi\/?p=2017"},"modified":"2017-04-13T08:31:00","modified_gmt":"2017-04-13T11:31:00","slug":"carcereiros-drauzio-varella","status":"publish","type":"post","link":"https:\/\/wp.ufpel.edu.br\/sisbi\/2017\/04\/13\/carcereiros-drauzio-varella\/","title":{"rendered":"CARCEREIROS \u2013 Drauzio Varella"},"content":{"rendered":"<p>Carcereiros \u2013 Em Esta\u00e7\u00e3o Carandiru Drauzio Varella focou seu corajoso relato na popula\u00e7\u00e3o carcer\u00e1ria de um dos pres\u00eddios mais violentos do Brasil. Mas os vinte e tr\u00eas anos atuando em pres\u00eddios brasileiros como m\u00e9dico volunt\u00e1rio tamb\u00e9m o aproximaram do outro lado da moeda: as centenas de agentes penitenci\u00e1rios que, trabalhando sob condi\u00e7\u00f5es rigorosas e muitas vezes colocando a vida em risco, administram essa popula\u00e7\u00e3o. Foi com um grupo desses agentes que Drauzio passou a se reunir depois das longas jornadas de trabalho, em um botequim de frente para o Carandiru. E essa conviv\u00eancia p\u00f4s o autor em contato com os relatos narrados em Carcereiros, segundo volume da trilogia iniciada por Esta\u00e7\u00e3o Carandiru \u2013 o terceiro livro, Prisioneiras, ter\u00e1 como ponto de partida o trabalho do m\u00e9dico na Penitenci\u00e1ria Feminina da Capital. Acompanhamos, assim, uma rebeli\u00e3o pelos olhos de quem tenta cont\u00ea-la. Entramos em contato com o cotidiano dos carcereiros e as situa\u00e7\u00f5es desconcertantes impostas pelo of\u00edcio, que eles resolvem com jogo de cintura e, n\u00e3o raramente, com humor. O que emerge \u00e9 um retrato franco de um mundo totalmente desconhecido para quem est\u00e1 de fora.<\/p>\n<p>Livro indicado por Afonso Penna.<\/p>\n<p><img class=\"alignleft size-full wp-image-2019\" src=\"https:\/\/wp.ufpel.edu.br\/sisbi\/files\/2017\/04\/Carcereiros-Drauzio-Varella-e1492083027328.jpg\" alt=\"\" width=\"303\" height=\"452\" \/><\/p>\n","protected":false},"excerpt":{"rendered":"<p>Carcereiros \u2013 Em Esta\u00e7\u00e3o Carandiru Drauzio Varella focou seu corajoso relato na popula\u00e7\u00e3o carcer\u00e1ria de um dos pres\u00eddios mais violentos do Brasil. Mas os vinte e tr\u00eas anos atuando em pres\u00eddios brasileiros como m\u00e9dico volunt\u00e1rio tamb\u00e9m o aproximaram do outro lado da moeda: as centenas de agentes penitenci\u00e1rios que, trabalhando sob condi\u00e7\u00f5es rigorosas e muitas [&hellip;]<\/p>\n","protected":false},"author":37,"featured_media":0,"comment_status":"closed","ping_status":"closed","sticky":false,"template":"","format":"standard","meta":{"footnotes":""},"categories":[75751],"tags":[],"class_list":["post-2017","post","type-post","status-publish","format-standard","hentry","category-dicas-de-leitura"],"jetpack_featured_media_url":"","_links":{"self":[{"href":"https:\/\/wp.ufpel.edu.br\/sisbi\/wp-json\/wp\/v2\/posts\/2017","targetHints":{"allow":["GET"]}}],"collection":[{"href":"https:\/\/wp.ufpel.edu.br\/sisbi\/wp-json\/wp\/v2\/posts"}],"about":[{"href":"https:\/\/wp.ufpel.edu.br\/sisbi\/wp-json\/wp\/v2\/types\/post"}],"author":[{"embeddable":true,"href":"https:\/\/wp.ufpel.edu.br\/sisbi\/wp-json\/wp\/v2\/users\/37"}],"replies":[{"embeddable":true,"href":"https:\/\/wp.ufpel.edu.br\/sisbi\/wp-json\/wp\/v2\/comments?post=2017"}],"version-history":[{"count":1,"href":"https:\/\/wp.ufpel.edu.br\/sisbi\/wp-json\/wp\/v2\/posts\/2017\/revisions"}],"predecessor-version":[{"id":2020,"href":"https:\/\/wp.ufpel.edu.br\/sisbi\/wp-json\/wp\/v2\/posts\/2017\/revisions\/2020"}],"wp:attachment":[{"href":"https:\/\/wp.ufpel.edu.br\/sisbi\/wp-json\/wp\/v2\/media?parent=2017"}],"wp:term":[{"taxonomy":"category","embeddable":true,"href":"https:\/\/wp.ufpel.edu.br\/sisbi\/wp-json\/wp\/v2\/categories?post=2017"},{"taxonomy":"post_tag","embeddable":true,"href":"https:\/\/wp.ufpel.edu.br\/sisbi\/wp-json\/wp\/v2\/tags?post=2017"}],"curies":[{"name":"wp","href":"https:\/\/api.w.org\/{rel}","templated":true}]}}