{"id":2010,"date":"2017-04-12T13:15:22","date_gmt":"2017-04-12T16:15:22","guid":{"rendered":"https:\/\/wp.ufpel.edu.br\/sisbi\/?p=2010"},"modified":"2017-04-12T13:15:22","modified_gmt":"2017-04-12T16:15:22","slug":"a-revolucao-dos-bichos-george-orwell","status":"publish","type":"post","link":"https:\/\/wp.ufpel.edu.br\/sisbi\/2017\/04\/12\/a-revolucao-dos-bichos-george-orwell\/","title":{"rendered":"A REVOLU\u00c7\u00c3O DOS BICHOS &#8211; George Orwell"},"content":{"rendered":"<p>Verdadeiro cl\u00e1ssico moderno, concebido por um dos mais influentes escritores do s\u00e9culo 20, &#8216;A Revolu\u00e7\u00e3o dos Bichos&#8217; \u00e9 uma f\u00e1bula sobre o poder. Narra a insurrei\u00e7\u00e3o dos animais de uma granja contra seus donos. Progressivamente, por\u00e9m, a revolu\u00e7\u00e3o degenera numa tirania ainda mais opressiva que a dos humanos.\u00a0Escrita em plena Segunda Guerra Mundial e publicada em 1945 depois de ter sido rejeitada por v\u00e1rias editoras, essa pequena narrativa causou desconforto ao satirizar ferozmente a ditadura stalinista numa \u00e9poca em que os sovi\u00e9ticos ainda eram aliados do Ocidente na luta contra o eixo nazifascista.\u00a0De fato, s\u00e3o claras as refer\u00eancias: o desp\u00f3tico Napole\u00e3o seria St\u00e1lin, o banido Bola-de-Neve seria Trotsky, e os eventos pol\u00edticos &#8211; expurgos, institui\u00e7\u00e3o de um estado policial, deturpa\u00e7\u00e3o tendenciosa da Hist\u00f3ria &#8211; mimetizam os que estavam em curso na Uni\u00e3o Sovi\u00e9tica.\u00a0Com o acirramento da Guerra Fria, as mesmas raz\u00f5es que causaram constrangimento na \u00e9poca de sua publica\u00e7\u00e3o levaram A revolu\u00e7\u00e3o dos bichos a ser amplamente usada pelo Ocidente nas d\u00e9cadas seguintes como arma ideol\u00f3gica contra o comunismo. O pr\u00f3prio Orwell, adepto do socialismo e inimigo de qualquer forma de manipula\u00e7\u00e3o pol\u00edtica, sentiu-se incomodado com a utiliza\u00e7\u00e3o de sua f\u00e1bula como panfleto.<\/p>\n<p>Livro indicado por\u00a0Berenice Bailfus.<\/p>\n<p><img class=\"alignleft size-full wp-image-2013\" src=\"https:\/\/wp.ufpel.edu.br\/sisbi\/files\/2017\/04\/A-revolu\u00e7\u00e3o-dos-bichos-e1492013693660.jpg\" alt=\"\" width=\"303\" height=\"421\" \/><\/p>\n","protected":false},"excerpt":{"rendered":"<p>Verdadeiro cl\u00e1ssico moderno, concebido por um dos mais influentes escritores do s\u00e9culo 20, &#8216;A Revolu\u00e7\u00e3o dos Bichos&#8217; \u00e9 uma f\u00e1bula sobre o poder. Narra a insurrei\u00e7\u00e3o dos animais de uma granja contra seus donos. Progressivamente, por\u00e9m, a revolu\u00e7\u00e3o degenera numa tirania ainda mais opressiva que a dos humanos.\u00a0Escrita em plena Segunda Guerra Mundial e publicada [&hellip;]<\/p>\n","protected":false},"author":37,"featured_media":0,"comment_status":"closed","ping_status":"closed","sticky":false,"template":"","format":"standard","meta":{"footnotes":""},"categories":[75751],"tags":[],"class_list":["post-2010","post","type-post","status-publish","format-standard","hentry","category-dicas-de-leitura"],"jetpack_featured_media_url":"","_links":{"self":[{"href":"https:\/\/wp.ufpel.edu.br\/sisbi\/wp-json\/wp\/v2\/posts\/2010","targetHints":{"allow":["GET"]}}],"collection":[{"href":"https:\/\/wp.ufpel.edu.br\/sisbi\/wp-json\/wp\/v2\/posts"}],"about":[{"href":"https:\/\/wp.ufpel.edu.br\/sisbi\/wp-json\/wp\/v2\/types\/post"}],"author":[{"embeddable":true,"href":"https:\/\/wp.ufpel.edu.br\/sisbi\/wp-json\/wp\/v2\/users\/37"}],"replies":[{"embeddable":true,"href":"https:\/\/wp.ufpel.edu.br\/sisbi\/wp-json\/wp\/v2\/comments?post=2010"}],"version-history":[{"count":2,"href":"https:\/\/wp.ufpel.edu.br\/sisbi\/wp-json\/wp\/v2\/posts\/2010\/revisions"}],"predecessor-version":[{"id":2015,"href":"https:\/\/wp.ufpel.edu.br\/sisbi\/wp-json\/wp\/v2\/posts\/2010\/revisions\/2015"}],"wp:attachment":[{"href":"https:\/\/wp.ufpel.edu.br\/sisbi\/wp-json\/wp\/v2\/media?parent=2010"}],"wp:term":[{"taxonomy":"category","embeddable":true,"href":"https:\/\/wp.ufpel.edu.br\/sisbi\/wp-json\/wp\/v2\/categories?post=2010"},{"taxonomy":"post_tag","embeddable":true,"href":"https:\/\/wp.ufpel.edu.br\/sisbi\/wp-json\/wp\/v2\/tags?post=2010"}],"curies":[{"name":"wp","href":"https:\/\/api.w.org\/{rel}","templated":true}]}}