{"id":1998,"date":"2017-04-10T08:15:41","date_gmt":"2017-04-10T11:15:41","guid":{"rendered":"https:\/\/wp.ufpel.edu.br\/sisbi\/?p=1998"},"modified":"2017-04-10T08:15:41","modified_gmt":"2017-04-10T11:15:41","slug":"assim-falava-zaratustra-friedrich-nietzsche","status":"publish","type":"post","link":"https:\/\/wp.ufpel.edu.br\/sisbi\/2017\/04\/10\/assim-falava-zaratustra-friedrich-nietzsche\/","title":{"rendered":"ASSIM FALAVA ZARATUSTRA \u2013 Friedrich Nietzsche"},"content":{"rendered":"<p>\u201cAssim falava Zaratustra\u201d, o livro mais famoso e controverso de toda a obra nietzschiana, lan\u00e7a m\u00e3o da figura semilend\u00e1ria do fil\u00f3sofo persa do s\u00e9culo VI a.C. para desenvolver, em uma combina\u00e7\u00e3o de elementos narrativos, conceituais e l\u00edricos, os quatro grandes temas que formam o pensamento de Nietzsche: o super-homem, a \u201cmorte\u201d de Deus, a vontade de poder e o eterno retorno.<\/p>\n<p>Livro indicado pela bibliotec\u00e1ria Catarina de Carvalho.<\/p>\n<p><img class=\"alignleft size-full wp-image-2000\" src=\"https:\/\/wp.ufpel.edu.br\/sisbi\/files\/2017\/04\/Assim-Falava-Zaratustra-\u2013-Friedrich-Nietzsche-e1491822910635.jpg\" alt=\"\" width=\"303\" height=\"404\" \/><\/p>\n","protected":false},"excerpt":{"rendered":"<p>\u201cAssim falava Zaratustra\u201d, o livro mais famoso e controverso de toda a obra nietzschiana, lan\u00e7a m\u00e3o da figura semilend\u00e1ria do fil\u00f3sofo persa do s\u00e9culo VI a.C. para desenvolver, em uma combina\u00e7\u00e3o de elementos narrativos, conceituais e l\u00edricos, os quatro grandes temas que formam o pensamento de Nietzsche: o super-homem, a \u201cmorte\u201d de Deus, a vontade [&hellip;]<\/p>\n","protected":false},"author":37,"featured_media":0,"comment_status":"closed","ping_status":"closed","sticky":false,"template":"","format":"standard","meta":{"footnotes":""},"categories":[75751],"tags":[],"class_list":["post-1998","post","type-post","status-publish","format-standard","hentry","category-dicas-de-leitura"],"jetpack_featured_media_url":"","_links":{"self":[{"href":"https:\/\/wp.ufpel.edu.br\/sisbi\/wp-json\/wp\/v2\/posts\/1998","targetHints":{"allow":["GET"]}}],"collection":[{"href":"https:\/\/wp.ufpel.edu.br\/sisbi\/wp-json\/wp\/v2\/posts"}],"about":[{"href":"https:\/\/wp.ufpel.edu.br\/sisbi\/wp-json\/wp\/v2\/types\/post"}],"author":[{"embeddable":true,"href":"https:\/\/wp.ufpel.edu.br\/sisbi\/wp-json\/wp\/v2\/users\/37"}],"replies":[{"embeddable":true,"href":"https:\/\/wp.ufpel.edu.br\/sisbi\/wp-json\/wp\/v2\/comments?post=1998"}],"version-history":[{"count":1,"href":"https:\/\/wp.ufpel.edu.br\/sisbi\/wp-json\/wp\/v2\/posts\/1998\/revisions"}],"predecessor-version":[{"id":2001,"href":"https:\/\/wp.ufpel.edu.br\/sisbi\/wp-json\/wp\/v2\/posts\/1998\/revisions\/2001"}],"wp:attachment":[{"href":"https:\/\/wp.ufpel.edu.br\/sisbi\/wp-json\/wp\/v2\/media?parent=1998"}],"wp:term":[{"taxonomy":"category","embeddable":true,"href":"https:\/\/wp.ufpel.edu.br\/sisbi\/wp-json\/wp\/v2\/categories?post=1998"},{"taxonomy":"post_tag","embeddable":true,"href":"https:\/\/wp.ufpel.edu.br\/sisbi\/wp-json\/wp\/v2\/tags?post=1998"}],"curies":[{"name":"wp","href":"https:\/\/api.w.org\/{rel}","templated":true}]}}