{"id":1962,"date":"2017-04-05T08:23:27","date_gmt":"2017-04-05T11:23:27","guid":{"rendered":"https:\/\/wp.ufpel.edu.br\/sisbi\/?p=1962"},"modified":"2017-04-05T08:23:27","modified_gmt":"2017-04-05T11:23:27","slug":"os-televisionarios-walmor-bergesch","status":"publish","type":"post","link":"https:\/\/wp.ufpel.edu.br\/sisbi\/2017\/04\/05\/os-televisionarios-walmor-bergesch\/","title":{"rendered":"OS TELEVISION\u00c1RIOS &#8211; Walmor Bergesch"},"content":{"rendered":"<p>Livro sobre a Hist\u00f3ria da Televis\u00e3o no Sul do Brasil, num relato de quem a viu nascer e crescer participando ativamente de seu desenvolvimento. Este livro n\u00e3o \u00e9 apenas de mem\u00f3ria, tamb\u00e9m \u00e9 um ensaio sobre a televis\u00e3o, seus valores, sua abrang\u00eancia, seu p\u00fablico, sua sobreviv\u00eancia, sua import\u00e2ncia em rela\u00e7\u00e3o aos demais meios de informa\u00e7\u00e3o, cultura e entretenimento. Por\u00e9m, n\u00e3o se limita ao registro, mas colhe opini\u00f5es das testemunhas, dos atores e autores desta hist\u00f3ria da TV.<\/p>\n<p>Livro indicado pela bibliotec\u00e1ria Maria Inez Figas Machado.<\/p>\n<p><img class=\"alignleft size-full wp-image-1965\" src=\"https:\/\/wp.ufpel.edu.br\/sisbi\/files\/2017\/04\/Os-Television\u00e1rios-e1491391379833.jpg\" alt=\"\" width=\"303\" height=\"429\" \/><\/p>\n","protected":false},"excerpt":{"rendered":"<p>Livro sobre a Hist\u00f3ria da Televis\u00e3o no Sul do Brasil, num relato de quem a viu nascer e crescer participando ativamente de seu desenvolvimento. Este livro n\u00e3o \u00e9 apenas de mem\u00f3ria, tamb\u00e9m \u00e9 um ensaio sobre a televis\u00e3o, seus valores, sua abrang\u00eancia, seu p\u00fablico, sua sobreviv\u00eancia, sua import\u00e2ncia em rela\u00e7\u00e3o aos demais meios de informa\u00e7\u00e3o, [&hellip;]<\/p>\n","protected":false},"author":37,"featured_media":0,"comment_status":"closed","ping_status":"closed","sticky":false,"template":"","format":"standard","meta":{"footnotes":""},"categories":[75751],"tags":[],"class_list":["post-1962","post","type-post","status-publish","format-standard","hentry","category-dicas-de-leitura"],"jetpack_featured_media_url":"","_links":{"self":[{"href":"https:\/\/wp.ufpel.edu.br\/sisbi\/wp-json\/wp\/v2\/posts\/1962","targetHints":{"allow":["GET"]}}],"collection":[{"href":"https:\/\/wp.ufpel.edu.br\/sisbi\/wp-json\/wp\/v2\/posts"}],"about":[{"href":"https:\/\/wp.ufpel.edu.br\/sisbi\/wp-json\/wp\/v2\/types\/post"}],"author":[{"embeddable":true,"href":"https:\/\/wp.ufpel.edu.br\/sisbi\/wp-json\/wp\/v2\/users\/37"}],"replies":[{"embeddable":true,"href":"https:\/\/wp.ufpel.edu.br\/sisbi\/wp-json\/wp\/v2\/comments?post=1962"}],"version-history":[{"count":2,"href":"https:\/\/wp.ufpel.edu.br\/sisbi\/wp-json\/wp\/v2\/posts\/1962\/revisions"}],"predecessor-version":[{"id":1967,"href":"https:\/\/wp.ufpel.edu.br\/sisbi\/wp-json\/wp\/v2\/posts\/1962\/revisions\/1967"}],"wp:attachment":[{"href":"https:\/\/wp.ufpel.edu.br\/sisbi\/wp-json\/wp\/v2\/media?parent=1962"}],"wp:term":[{"taxonomy":"category","embeddable":true,"href":"https:\/\/wp.ufpel.edu.br\/sisbi\/wp-json\/wp\/v2\/categories?post=1962"},{"taxonomy":"post_tag","embeddable":true,"href":"https:\/\/wp.ufpel.edu.br\/sisbi\/wp-json\/wp\/v2\/tags?post=1962"}],"curies":[{"name":"wp","href":"https:\/\/api.w.org\/{rel}","templated":true}]}}