{"id":1878,"date":"2017-03-21T10:27:55","date_gmt":"2017-03-21T13:27:55","guid":{"rendered":"https:\/\/wp.ufpel.edu.br\/sisbi\/?p=1878"},"modified":"2017-03-21T10:27:55","modified_gmt":"2017-03-21T13:27:55","slug":"cartoes-de-identificacao-nao-serao-entregues-nas-bibliotecas","status":"publish","type":"post","link":"https:\/\/wp.ufpel.edu.br\/sisbi\/2017\/03\/21\/cartoes-de-identificacao-nao-serao-entregues-nas-bibliotecas\/","title":{"rendered":"Cart\u00f5es de Identifica\u00e7\u00e3o n\u00e3o ser\u00e3o entregues nas Bibliotecas"},"content":{"rendered":"<p>O N\u00facleo de Informa\u00e7\u00f5es Institucionais informa que, ap\u00f3s sua confec\u00e7\u00e3o, os Cart\u00f5es de Identifica\u00e7\u00e3o Funcional da Universidade Federal de Pelotas (UFPel) ser\u00e3o entregues nas respectivas Unidades dos servidores.<\/p>\n<p>O apoio disponibilizado pela Coordena\u00e7\u00e3o de Bibliotecas \u00e9 exclusivamente para efetuar o cadastro da fotografia e solicitar o Cart\u00e3o. Dessa forma, a fim de n\u00e3o prejudicar o atendimento \u00e0 comunidade acad\u00eamica nas bibliotecas, solicitamos a todos que aguardem o final do per\u00edodo previsto para cadastramento (31\/03\/2017) para receberem seus Cart\u00f5es.<\/p>\n","protected":false},"excerpt":{"rendered":"<p>O N\u00facleo de Informa\u00e7\u00f5es Institucionais informa que, ap\u00f3s sua confec\u00e7\u00e3o, os Cart\u00f5es de Identifica\u00e7\u00e3o Funcional da Universidade Federal de Pelotas (UFPel) ser\u00e3o entregues nas respectivas Unidades dos servidores. O apoio disponibilizado pela Coordena\u00e7\u00e3o de Bibliotecas \u00e9 exclusivamente para efetuar o cadastro da fotografia e solicitar o Cart\u00e3o. Dessa forma, a fim de n\u00e3o prejudicar o [&hellip;]<\/p>\n","protected":false},"author":37,"featured_media":0,"comment_status":"closed","ping_status":"closed","sticky":false,"template":"","format":"standard","meta":{"footnotes":""},"categories":[1],"tags":[],"class_list":["post-1878","post","type-post","status-publish","format-standard","hentry","category-noticias"],"jetpack_featured_media_url":"","_links":{"self":[{"href":"https:\/\/wp.ufpel.edu.br\/sisbi\/wp-json\/wp\/v2\/posts\/1878","targetHints":{"allow":["GET"]}}],"collection":[{"href":"https:\/\/wp.ufpel.edu.br\/sisbi\/wp-json\/wp\/v2\/posts"}],"about":[{"href":"https:\/\/wp.ufpel.edu.br\/sisbi\/wp-json\/wp\/v2\/types\/post"}],"author":[{"embeddable":true,"href":"https:\/\/wp.ufpel.edu.br\/sisbi\/wp-json\/wp\/v2\/users\/37"}],"replies":[{"embeddable":true,"href":"https:\/\/wp.ufpel.edu.br\/sisbi\/wp-json\/wp\/v2\/comments?post=1878"}],"version-history":[{"count":1,"href":"https:\/\/wp.ufpel.edu.br\/sisbi\/wp-json\/wp\/v2\/posts\/1878\/revisions"}],"predecessor-version":[{"id":1880,"href":"https:\/\/wp.ufpel.edu.br\/sisbi\/wp-json\/wp\/v2\/posts\/1878\/revisions\/1880"}],"wp:attachment":[{"href":"https:\/\/wp.ufpel.edu.br\/sisbi\/wp-json\/wp\/v2\/media?parent=1878"}],"wp:term":[{"taxonomy":"category","embeddable":true,"href":"https:\/\/wp.ufpel.edu.br\/sisbi\/wp-json\/wp\/v2\/categories?post=1878"},{"taxonomy":"post_tag","embeddable":true,"href":"https:\/\/wp.ufpel.edu.br\/sisbi\/wp-json\/wp\/v2\/tags?post=1878"}],"curies":[{"name":"wp","href":"https:\/\/api.w.org\/{rel}","templated":true}]}}