{"id":1861,"date":"2017-03-18T10:42:13","date_gmt":"2017-03-18T13:42:13","guid":{"rendered":"https:\/\/wp.ufpel.edu.br\/sisbi\/?p=1861"},"modified":"2017-03-18T10:42:13","modified_gmt":"2017-03-18T13:42:13","slug":"novo-horario-de-funcionamento-da-biblioteca-do-lyceu-e-da-biblioteca-de-ciencias-sociais","status":"publish","type":"post","link":"https:\/\/wp.ufpel.edu.br\/sisbi\/2017\/03\/18\/novo-horario-de-funcionamento-da-biblioteca-do-lyceu-e-da-biblioteca-de-ciencias-sociais\/","title":{"rendered":"Novo hor\u00e1rio de funcionamento da Biblioteca do Lyceu e da Biblioteca de Ci\u00eancias Sociais"},"content":{"rendered":"<p>Novo hor\u00e1rio de funcionamento das bibliotecas:<\/p>\n<p><span class=\"Apple-style-span\">Biblioteca do Lyceu (BL) &#8211; Das 12h \u00e0s 18h<\/span><\/p>\n<p>Biblioteca de Ci\u00eancias Sociais (BCS) &#8211; Das 8h \u00e0s 20h<\/p>\n<p><img class=\"alignleft size-full wp-image-1857\" src=\"https:\/\/wp.ufpel.edu.br\/sisbi\/files\/2017\/03\/novo-hor\u00e1rio.png\" alt=\"\" width=\"258\" height=\"196\" \/><\/p>\n","protected":false},"excerpt":{"rendered":"<p>Novo hor\u00e1rio de funcionamento das bibliotecas: Biblioteca do Lyceu (BL) &#8211; Das 12h \u00e0s 18h Biblioteca de Ci\u00eancias Sociais (BCS) &#8211; Das 8h \u00e0s 20h<\/p>\n","protected":false},"author":37,"featured_media":0,"comment_status":"closed","ping_status":"closed","sticky":false,"template":"","format":"standard","meta":{"footnotes":""},"categories":[1],"tags":[],"class_list":["post-1861","post","type-post","status-publish","format-standard","hentry","category-noticias"],"jetpack_featured_media_url":"","_links":{"self":[{"href":"https:\/\/wp.ufpel.edu.br\/sisbi\/wp-json\/wp\/v2\/posts\/1861","targetHints":{"allow":["GET"]}}],"collection":[{"href":"https:\/\/wp.ufpel.edu.br\/sisbi\/wp-json\/wp\/v2\/posts"}],"about":[{"href":"https:\/\/wp.ufpel.edu.br\/sisbi\/wp-json\/wp\/v2\/types\/post"}],"author":[{"embeddable":true,"href":"https:\/\/wp.ufpel.edu.br\/sisbi\/wp-json\/wp\/v2\/users\/37"}],"replies":[{"embeddable":true,"href":"https:\/\/wp.ufpel.edu.br\/sisbi\/wp-json\/wp\/v2\/comments?post=1861"}],"version-history":[{"count":1,"href":"https:\/\/wp.ufpel.edu.br\/sisbi\/wp-json\/wp\/v2\/posts\/1861\/revisions"}],"predecessor-version":[{"id":1863,"href":"https:\/\/wp.ufpel.edu.br\/sisbi\/wp-json\/wp\/v2\/posts\/1861\/revisions\/1863"}],"wp:attachment":[{"href":"https:\/\/wp.ufpel.edu.br\/sisbi\/wp-json\/wp\/v2\/media?parent=1861"}],"wp:term":[{"taxonomy":"category","embeddable":true,"href":"https:\/\/wp.ufpel.edu.br\/sisbi\/wp-json\/wp\/v2\/categories?post=1861"},{"taxonomy":"post_tag","embeddable":true,"href":"https:\/\/wp.ufpel.edu.br\/sisbi\/wp-json\/wp\/v2\/tags?post=1861"}],"curies":[{"name":"wp","href":"https:\/\/api.w.org\/{rel}","templated":true}]}}