{"id":1810,"date":"2017-03-15T09:51:07","date_gmt":"2017-03-15T12:51:07","guid":{"rendered":"https:\/\/wp.ufpel.edu.br\/sisbi\/?p=1810"},"modified":"2017-03-15T09:56:02","modified_gmt":"2017-03-15T12:56:02","slug":"geografia-da-fome-josue-de-castro","status":"publish","type":"post","link":"https:\/\/wp.ufpel.edu.br\/sisbi\/2017\/03\/15\/geografia-da-fome-josue-de-castro\/","title":{"rendered":"GEOGRAFIA DA FOME &#8211; Josu\u00e9 de Castro"},"content":{"rendered":"<p>Um ensaio sobre o fen\u00f4meno da fome generalizada, numa \u00e9poca em que esta se torna cada vez mais vis\u00edvel em tempos de globaliza\u00e7\u00e3o. Josu\u00e9 de Castro foca seu estudo na fome\u00a0no Brasil,\u00a0<span class=\"Apple-style-span\">identificando as \u00e1reas de fome end\u00eamica e epid\u00eamica no Brasil.<\/span><\/p>\n<p>Livro indicado por Thiago Lang<\/p>\n<p><img class=\"alignleft size-full wp-image-1813\" src=\"https:\/\/wp.ufpel.edu.br\/sisbi\/files\/2017\/03\/Geografia-da-fome-e1489582149774.jpg\" alt=\"\" width=\"303\" height=\"438\" \/><\/p>\n","protected":false},"excerpt":{"rendered":"<p>Um ensaio sobre o fen\u00f4meno da fome generalizada, numa \u00e9poca em que esta se torna cada vez mais vis\u00edvel em tempos de globaliza\u00e7\u00e3o. Josu\u00e9 de Castro foca seu estudo na fome\u00a0no Brasil,\u00a0identificando as \u00e1reas de fome end\u00eamica e epid\u00eamica no Brasil. Livro indicado por Thiago Lang<\/p>\n","protected":false},"author":37,"featured_media":0,"comment_status":"closed","ping_status":"closed","sticky":false,"template":"","format":"standard","meta":{"footnotes":""},"categories":[75751],"tags":[],"class_list":["post-1810","post","type-post","status-publish","format-standard","hentry","category-dicas-de-leitura"],"jetpack_featured_media_url":"","_links":{"self":[{"href":"https:\/\/wp.ufpel.edu.br\/sisbi\/wp-json\/wp\/v2\/posts\/1810","targetHints":{"allow":["GET"]}}],"collection":[{"href":"https:\/\/wp.ufpel.edu.br\/sisbi\/wp-json\/wp\/v2\/posts"}],"about":[{"href":"https:\/\/wp.ufpel.edu.br\/sisbi\/wp-json\/wp\/v2\/types\/post"}],"author":[{"embeddable":true,"href":"https:\/\/wp.ufpel.edu.br\/sisbi\/wp-json\/wp\/v2\/users\/37"}],"replies":[{"embeddable":true,"href":"https:\/\/wp.ufpel.edu.br\/sisbi\/wp-json\/wp\/v2\/comments?post=1810"}],"version-history":[{"count":4,"href":"https:\/\/wp.ufpel.edu.br\/sisbi\/wp-json\/wp\/v2\/posts\/1810\/revisions"}],"predecessor-version":[{"id":1817,"href":"https:\/\/wp.ufpel.edu.br\/sisbi\/wp-json\/wp\/v2\/posts\/1810\/revisions\/1817"}],"wp:attachment":[{"href":"https:\/\/wp.ufpel.edu.br\/sisbi\/wp-json\/wp\/v2\/media?parent=1810"}],"wp:term":[{"taxonomy":"category","embeddable":true,"href":"https:\/\/wp.ufpel.edu.br\/sisbi\/wp-json\/wp\/v2\/categories?post=1810"},{"taxonomy":"post_tag","embeddable":true,"href":"https:\/\/wp.ufpel.edu.br\/sisbi\/wp-json\/wp\/v2\/tags?post=1810"}],"curies":[{"name":"wp","href":"https:\/\/api.w.org\/{rel}","templated":true}]}}