{"id":1698,"date":"2017-02-27T08:57:20","date_gmt":"2017-02-27T11:57:20","guid":{"rendered":"https:\/\/wp.ufpel.edu.br\/sisbi\/?p=1698"},"modified":"2017-02-27T08:57:20","modified_gmt":"2017-02-27T11:57:20","slug":"primeiro-como-tragedia-depois-como-farsa-slavoj-zizek","status":"publish","type":"post","link":"https:\/\/wp.ufpel.edu.br\/sisbi\/2017\/02\/27\/primeiro-como-tragedia-depois-como-farsa-slavoj-zizek\/","title":{"rendered":"PRIMEIRO COMO TRAG\u00c9DIA, DEPOIS COMO FARSA &#8211; Slavoj \u017di\u017eek"},"content":{"rendered":"<p>Em &#8216;Primeiro como trag\u00e9dia, depois como farsa&#8217;, o autor busca sustentar a tese de que a sociedade vive em uma nova etapa do capitalismo global, analisando o discurso do ex-presidente Bush em dois momentos diferentes que podem evocar a suspens\u00e3o parcial dos valores norte-americanos &#8211; garantia de liberdade individual e capitalismo de mercado. Dividido em dois cap\u00edtulos, o livro visa fazer um diagn\u00f3stico da ideologia capitalista e busca localizar aspectos dessa situa\u00e7\u00e3o.<\/p>\n<p>Livro indicado por Anna Karini<\/p>\n<p><a href=\"https:\/\/wp.ufpel.edu.br\/sisbi\/files\/2017\/02\/Primeiro-como-trag\u00e9dia-depois-como-farsa-e1488196135392.jpg\"><img class=\"alignleft size-full wp-image-1700\" src=\"https:\/\/wp.ufpel.edu.br\/sisbi\/files\/2017\/02\/Primeiro-como-trag\u00e9dia-depois-como-farsa-e1488196135392.jpg\" alt=\"\" width=\"303\" height=\"450\" \/><\/a><\/p>\n","protected":false},"excerpt":{"rendered":"<p>Em &#8216;Primeiro como trag\u00e9dia, depois como farsa&#8217;, o autor busca sustentar a tese de que a sociedade vive em uma nova etapa do capitalismo global, analisando o discurso do ex-presidente Bush em dois momentos diferentes que podem evocar a suspens\u00e3o parcial dos valores norte-americanos &#8211; garantia de liberdade individual e capitalismo de mercado. Dividido em [&hellip;]<\/p>\n","protected":false},"author":37,"featured_media":0,"comment_status":"closed","ping_status":"closed","sticky":false,"template":"","format":"standard","meta":{"footnotes":""},"categories":[75751],"tags":[],"class_list":["post-1698","post","type-post","status-publish","format-standard","hentry","category-dicas-de-leitura"],"jetpack_featured_media_url":"","_links":{"self":[{"href":"https:\/\/wp.ufpel.edu.br\/sisbi\/wp-json\/wp\/v2\/posts\/1698","targetHints":{"allow":["GET"]}}],"collection":[{"href":"https:\/\/wp.ufpel.edu.br\/sisbi\/wp-json\/wp\/v2\/posts"}],"about":[{"href":"https:\/\/wp.ufpel.edu.br\/sisbi\/wp-json\/wp\/v2\/types\/post"}],"author":[{"embeddable":true,"href":"https:\/\/wp.ufpel.edu.br\/sisbi\/wp-json\/wp\/v2\/users\/37"}],"replies":[{"embeddable":true,"href":"https:\/\/wp.ufpel.edu.br\/sisbi\/wp-json\/wp\/v2\/comments?post=1698"}],"version-history":[{"count":2,"href":"https:\/\/wp.ufpel.edu.br\/sisbi\/wp-json\/wp\/v2\/posts\/1698\/revisions"}],"predecessor-version":[{"id":1702,"href":"https:\/\/wp.ufpel.edu.br\/sisbi\/wp-json\/wp\/v2\/posts\/1698\/revisions\/1702"}],"wp:attachment":[{"href":"https:\/\/wp.ufpel.edu.br\/sisbi\/wp-json\/wp\/v2\/media?parent=1698"}],"wp:term":[{"taxonomy":"category","embeddable":true,"href":"https:\/\/wp.ufpel.edu.br\/sisbi\/wp-json\/wp\/v2\/categories?post=1698"},{"taxonomy":"post_tag","embeddable":true,"href":"https:\/\/wp.ufpel.edu.br\/sisbi\/wp-json\/wp\/v2\/tags?post=1698"}],"curies":[{"name":"wp","href":"https:\/\/api.w.org\/{rel}","templated":true}]}}