{"id":1694,"date":"2017-02-25T08:51:38","date_gmt":"2017-02-25T11:51:38","guid":{"rendered":"https:\/\/wp.ufpel.edu.br\/sisbi\/?p=1694"},"modified":"2017-02-25T08:51:38","modified_gmt":"2017-02-25T11:51:38","slug":"um-general-na-biblioteca-italo-calvino","status":"publish","type":"post","link":"https:\/\/wp.ufpel.edu.br\/sisbi\/2017\/02\/25\/um-general-na-biblioteca-italo-calvino\/","title":{"rendered":"UM GENERAL NA BIBLIOTECA \u2013 Italo Calvino"},"content":{"rendered":"<p>Um pa\u00eds onde os chefes pol\u00edticos s\u00e3o decapitados ao final de seu mandato. O campon\u00eas que foi condecorado porque, na guerra, matou os inimigos da p\u00e1tria, mas recebeu a pena de morte porque, na paz, matou o inimigo da aldeia. O homem que nunca soube dar la\u00e7o no sapato. Uma conversa com o hilariante Homem de Neandertal. Um arquivo em que est\u00e3o fichados todos os habitantes do planeta. Um corretor de seguros que se transforma em serial killer. Os cl\u00e3s escoceses que se enfrentam numa guerra de religi\u00e3o. Os conjurados que matam o imperador C\u00e9sar num dia ensolarado, enquanto os romanos fazem piquenique no campo.<\/p>\n<p>Selecionadas por Esther Calvino, vi\u00fava do escritor, estas 32 narrativas foram escritas ao longo de quarenta anos &#8211; entre 1943, quando Calvino tinha vinte anos, e 1984, um ano antes de sua morte. Muitas s\u00e3o in\u00e9ditas, outras estavam esquecidas em publica\u00e7\u00f5es fora de circula\u00e7\u00e3o. Com estilos e linguagens diferentes, elas s\u00e3o como um roteiro da vasta obra do escritor, desde o neo-realismo at\u00e9 as experi\u00eancias de vanguarda. Em todas elas Calvino exerce seu talento para fazer literatura com ironia e leveza.<\/p>\n<p>Livro indicado por Ricardo Silva<\/p>\n<p><a href=\"https:\/\/wp.ufpel.edu.br\/sisbi\/files\/2017\/02\/Um-General-na-Biblioteca-e1488023371605.jpg\"><img class=\"alignleft size-full wp-image-1696\" src=\"https:\/\/wp.ufpel.edu.br\/sisbi\/files\/2017\/02\/Um-General-na-Biblioteca-e1488023371605.jpg\" alt=\"\" width=\"303\" height=\"438\" \/><\/a><\/p>\n","protected":false},"excerpt":{"rendered":"<p>Um pa\u00eds onde os chefes pol\u00edticos s\u00e3o decapitados ao final de seu mandato. O campon\u00eas que foi condecorado porque, na guerra, matou os inimigos da p\u00e1tria, mas recebeu a pena de morte porque, na paz, matou o inimigo da aldeia. O homem que nunca soube dar la\u00e7o no sapato. Uma conversa com o hilariante Homem [&hellip;]<\/p>\n","protected":false},"author":37,"featured_media":0,"comment_status":"closed","ping_status":"closed","sticky":false,"template":"","format":"standard","meta":{"footnotes":""},"categories":[75751],"tags":[],"class_list":["post-1694","post","type-post","status-publish","format-standard","hentry","category-dicas-de-leitura"],"jetpack_featured_media_url":"","_links":{"self":[{"href":"https:\/\/wp.ufpel.edu.br\/sisbi\/wp-json\/wp\/v2\/posts\/1694","targetHints":{"allow":["GET"]}}],"collection":[{"href":"https:\/\/wp.ufpel.edu.br\/sisbi\/wp-json\/wp\/v2\/posts"}],"about":[{"href":"https:\/\/wp.ufpel.edu.br\/sisbi\/wp-json\/wp\/v2\/types\/post"}],"author":[{"embeddable":true,"href":"https:\/\/wp.ufpel.edu.br\/sisbi\/wp-json\/wp\/v2\/users\/37"}],"replies":[{"embeddable":true,"href":"https:\/\/wp.ufpel.edu.br\/sisbi\/wp-json\/wp\/v2\/comments?post=1694"}],"version-history":[{"count":1,"href":"https:\/\/wp.ufpel.edu.br\/sisbi\/wp-json\/wp\/v2\/posts\/1694\/revisions"}],"predecessor-version":[{"id":1697,"href":"https:\/\/wp.ufpel.edu.br\/sisbi\/wp-json\/wp\/v2\/posts\/1694\/revisions\/1697"}],"wp:attachment":[{"href":"https:\/\/wp.ufpel.edu.br\/sisbi\/wp-json\/wp\/v2\/media?parent=1694"}],"wp:term":[{"taxonomy":"category","embeddable":true,"href":"https:\/\/wp.ufpel.edu.br\/sisbi\/wp-json\/wp\/v2\/categories?post=1694"},{"taxonomy":"post_tag","embeddable":true,"href":"https:\/\/wp.ufpel.edu.br\/sisbi\/wp-json\/wp\/v2\/tags?post=1694"}],"curies":[{"name":"wp","href":"https:\/\/api.w.org\/{rel}","templated":true}]}}