{"id":1672,"date":"2017-02-23T08:07:19","date_gmt":"2017-02-23T11:07:19","guid":{"rendered":"https:\/\/wp.ufpel.edu.br\/sisbi\/?p=1672"},"modified":"2017-02-23T11:48:32","modified_gmt":"2017-02-23T14:48:32","slug":"quando-ele-voltar-ricky-medeiros","status":"publish","type":"post","link":"https:\/\/wp.ufpel.edu.br\/sisbi\/2017\/02\/23\/quando-ele-voltar-ricky-medeiros\/","title":{"rendered":"QUANDO ELE VOLTAR &#8211; Ricky Medeiros"},"content":{"rendered":"<p>As situa\u00e7\u00f5es aqui descritas s\u00e3o tidas como fict\u00edcias, mas, ao ler cada p\u00e1gina, percebe-se que s\u00e3o t\u00e3o reais quanto o sol que nos ilumina. Este livro traz a hist\u00f3ria de um mensageiro que vem da mesma faixa de luz que Jesus, o Cristo, e que entrar\u00e1 na faixa terrestre para ajudar a humanidade a se preparar para as mudan\u00e7as da Nova Era. Sua m<span class=\"hide js-synopsis-text\">ensagem toca os cora\u00e7\u00f5es e as feridas do ser humano, ainda em fase de evolu\u00e7\u00e3o. H\u00e1 mais de 2 mil anos, n\u00e3o havia a velocidade da m\u00eddia que temos hoje, sequer existia televis\u00e3o, r\u00e1dio, jornal ou internet. Cristo falava a pequenos grupos, em uma linguagem pr\u00f3pria, bem diferente da atualidade, quando a comunica\u00e7\u00e3o \u00e9 dirigida a diversos povos, ou seja, a milhares de pessoas com l\u00ednguas distintas. Portanto, o que diria esse mensageiro \u00e0 aldeia global do s\u00e9culo XXI? Este \u00e9 um livro inspirado, escrito com a ajuda de esp\u00edritos iluminados a fim de trazer uma mensagem de esperan\u00e7a, amor e conforto, para fazer brilhar uma luz em nosso mundo, \u00e0s vezes t\u00e3o escuro e confuso. Eles querem dividir conosco um pouco de sua sabedoria, para que possamos encontrar o nosso pr\u00f3prio caminho de volta para casa. Portanto, leia esta obra com a mente aberta, para que a luz possa adentr\u00e1-la. As palavras do mensageiro do amor s\u00e3o para restaurar a f\u00e9 em Deus e em n\u00f3s mesmos. Quem \u00e9 esse mensageiro? Ele \u00e9 quem voc\u00ea acredita que ele \u00e9..<\/span><\/p>\n<p>Livro indicado pela bibliotec\u00e1ria Leda Lopes<\/p>\n<p><a href=\"https:\/\/wp.ufpel.edu.br\/sisbi\/files\/2017\/02\/Quando-ele-voltar-ricky-medeiros-e1487848000793.jpg\"><img class=\"alignleft size-full wp-image-1675\" src=\"https:\/\/wp.ufpel.edu.br\/sisbi\/files\/2017\/02\/Quando-ele-voltar-ricky-medeiros-e1487848000793.jpg\" alt=\"\" width=\"303\" height=\"447\" \/><\/a><\/p>\n","protected":false},"excerpt":{"rendered":"<p>As situa\u00e7\u00f5es aqui descritas s\u00e3o tidas como fict\u00edcias, mas, ao ler cada p\u00e1gina, percebe-se que s\u00e3o t\u00e3o reais quanto o sol que nos ilumina. Este livro traz a hist\u00f3ria de um mensageiro que vem da mesma faixa de luz que Jesus, o Cristo, e que entrar\u00e1 na faixa terrestre para ajudar a humanidade a se [&hellip;]<\/p>\n","protected":false},"author":37,"featured_media":0,"comment_status":"closed","ping_status":"closed","sticky":false,"template":"","format":"standard","meta":{"footnotes":""},"categories":[75751],"tags":[],"class_list":["post-1672","post","type-post","status-publish","format-standard","hentry","category-dicas-de-leitura"],"jetpack_featured_media_url":"","_links":{"self":[{"href":"https:\/\/wp.ufpel.edu.br\/sisbi\/wp-json\/wp\/v2\/posts\/1672","targetHints":{"allow":["GET"]}}],"collection":[{"href":"https:\/\/wp.ufpel.edu.br\/sisbi\/wp-json\/wp\/v2\/posts"}],"about":[{"href":"https:\/\/wp.ufpel.edu.br\/sisbi\/wp-json\/wp\/v2\/types\/post"}],"author":[{"embeddable":true,"href":"https:\/\/wp.ufpel.edu.br\/sisbi\/wp-json\/wp\/v2\/users\/37"}],"replies":[{"embeddable":true,"href":"https:\/\/wp.ufpel.edu.br\/sisbi\/wp-json\/wp\/v2\/comments?post=1672"}],"version-history":[{"count":2,"href":"https:\/\/wp.ufpel.edu.br\/sisbi\/wp-json\/wp\/v2\/posts\/1672\/revisions"}],"predecessor-version":[{"id":1680,"href":"https:\/\/wp.ufpel.edu.br\/sisbi\/wp-json\/wp\/v2\/posts\/1672\/revisions\/1680"}],"wp:attachment":[{"href":"https:\/\/wp.ufpel.edu.br\/sisbi\/wp-json\/wp\/v2\/media?parent=1672"}],"wp:term":[{"taxonomy":"category","embeddable":true,"href":"https:\/\/wp.ufpel.edu.br\/sisbi\/wp-json\/wp\/v2\/categories?post=1672"},{"taxonomy":"post_tag","embeddable":true,"href":"https:\/\/wp.ufpel.edu.br\/sisbi\/wp-json\/wp\/v2\/tags?post=1672"}],"curies":[{"name":"wp","href":"https:\/\/api.w.org\/{rel}","templated":true}]}}