{"id":1667,"date":"2017-02-22T08:05:41","date_gmt":"2017-02-22T11:05:41","guid":{"rendered":"https:\/\/wp.ufpel.edu.br\/sisbi\/?p=1667"},"modified":"2017-02-23T11:49:02","modified_gmt":"2017-02-23T14:49:02","slug":"ensaio-sobre-a-cegueira-jose-saramago","status":"publish","type":"post","link":"https:\/\/wp.ufpel.edu.br\/sisbi\/2017\/02\/22\/ensaio-sobre-a-cegueira-jose-saramago\/","title":{"rendered":"ENSAIO SOBRE A CEGUEIRA \u2013 Jos\u00e9 Saramago"},"content":{"rendered":"<p>Um motorista parado no sinal se descobre subitamente cego. \u00c9 o primeiro caso de uma \u201ctreva branca\u201d que logo se espalha incontrolavelmente. Resguardados em quarentena, os cegos se perceber\u00e3o reduzidos \u00e0 ess\u00eancia humana, numa verdadeira viagem \u00e0s trevas. O \u201cEnsaio sobre a cegueira\u201d \u00e9 a fantasia de um autor que nos faz lembrar \u201ca responsabilidade de ter olhos quando os outros os perderam\u201d. Jos\u00e9 Saramago nos d\u00e1, aqui, uma imagem aterradora e comovente de tempos sombrios, \u00e0 beira de um novo mil\u00eanio, impondo-se \u00e0 companhia dos maiores vision\u00e1rios modernos, como Franz Kafka e Elias Canetti. Cada leitor viver\u00e1 uma experi\u00eancia imaginativa \u00fanica. Num ponto onde se cruzam literatura e sabedoria, Jos\u00e9 Saramago nos obriga a parar, fechar os olhos e ver. Recuperar a lucidez, resgatar o afeto: essas s\u00e3o as tarefas do escritor e de cada leitor, diante da press\u00e3o dos tempos e do que se perdeu: \u201cuma coisa que n\u00e3o tem nome, essa coisa \u00e9 o que somos\u201d.<\/p>\n<p>Livro indicado por Flavio Demarco<\/p>\n<p><a href=\"https:\/\/wp.ufpel.edu.br\/sisbi\/files\/2017\/02\/Ensaio-Sobre-a-Cegueira-e1487761473882.jpg\"><img class=\"alignleft size-full wp-image-1669\" src=\"https:\/\/wp.ufpel.edu.br\/sisbi\/files\/2017\/02\/Ensaio-Sobre-a-Cegueira-e1487761473882.jpg\" alt=\"\" width=\"303\" height=\"465\" \/><\/a><\/p>\n","protected":false},"excerpt":{"rendered":"<p>Um motorista parado no sinal se descobre subitamente cego. \u00c9 o primeiro caso de uma \u201ctreva branca\u201d que logo se espalha incontrolavelmente. Resguardados em quarentena, os cegos se perceber\u00e3o reduzidos \u00e0 ess\u00eancia humana, numa verdadeira viagem \u00e0s trevas. O \u201cEnsaio sobre a cegueira\u201d \u00e9 a fantasia de um autor que nos faz lembrar \u201ca responsabilidade [&hellip;]<\/p>\n","protected":false},"author":37,"featured_media":0,"comment_status":"closed","ping_status":"closed","sticky":false,"template":"","format":"standard","meta":{"footnotes":""},"categories":[75751],"tags":[],"class_list":["post-1667","post","type-post","status-publish","format-standard","hentry","category-dicas-de-leitura"],"jetpack_featured_media_url":"","_links":{"self":[{"href":"https:\/\/wp.ufpel.edu.br\/sisbi\/wp-json\/wp\/v2\/posts\/1667","targetHints":{"allow":["GET"]}}],"collection":[{"href":"https:\/\/wp.ufpel.edu.br\/sisbi\/wp-json\/wp\/v2\/posts"}],"about":[{"href":"https:\/\/wp.ufpel.edu.br\/sisbi\/wp-json\/wp\/v2\/types\/post"}],"author":[{"embeddable":true,"href":"https:\/\/wp.ufpel.edu.br\/sisbi\/wp-json\/wp\/v2\/users\/37"}],"replies":[{"embeddable":true,"href":"https:\/\/wp.ufpel.edu.br\/sisbi\/wp-json\/wp\/v2\/comments?post=1667"}],"version-history":[{"count":2,"href":"https:\/\/wp.ufpel.edu.br\/sisbi\/wp-json\/wp\/v2\/posts\/1667\/revisions"}],"predecessor-version":[{"id":1681,"href":"https:\/\/wp.ufpel.edu.br\/sisbi\/wp-json\/wp\/v2\/posts\/1667\/revisions\/1681"}],"wp:attachment":[{"href":"https:\/\/wp.ufpel.edu.br\/sisbi\/wp-json\/wp\/v2\/media?parent=1667"}],"wp:term":[{"taxonomy":"category","embeddable":true,"href":"https:\/\/wp.ufpel.edu.br\/sisbi\/wp-json\/wp\/v2\/categories?post=1667"},{"taxonomy":"post_tag","embeddable":true,"href":"https:\/\/wp.ufpel.edu.br\/sisbi\/wp-json\/wp\/v2\/tags?post=1667"}],"curies":[{"name":"wp","href":"https:\/\/api.w.org\/{rel}","templated":true}]}}