{"id":1663,"date":"2017-02-21T13:22:12","date_gmt":"2017-02-21T16:22:12","guid":{"rendered":"https:\/\/wp.ufpel.edu.br\/sisbi\/?p=1663"},"modified":"2017-03-02T10:03:18","modified_gmt":"2017-03-02T13:03:18","slug":"no-mes-de-fevereiro-os-parabens-vai-para","status":"publish","type":"post","link":"https:\/\/wp.ufpel.edu.br\/sisbi\/2017\/02\/21\/no-mes-de-fevereiro-os-parabens-vai-para\/","title":{"rendered":"No m\u00eas de fevereiro os parab\u00e9ns vai para&#8230;"},"content":{"rendered":"<p>Neste m\u00eas de fevereiro gostar\u00edamos de dar os parab\u00e9ns para:<\/p>\n<p>05\/02<\/p>\n<p>Gabriela Machado Lopes \u2013 Bibliotec\u00e1ria da BCA<\/p>\n<p>23\/02<\/p>\n<p>Patr\u00edcia de Borba Pereira \u2013 Coordenadora das bibliotecas<\/p>\n<p>26\/02<\/p>\n<p>Tiago Mateus Maleico \u2013 Auxiliar de biblioteca da BCP<\/p>\n<p><a href=\"https:\/\/wp.ufpel.edu.br\/sisbi\/files\/2017\/02\/2016-Maio-03-Parab\u00e9ns-IMG-8-e1487694058296.jpg\"><img class=\"alignleft size-full wp-image-1665\" src=\"https:\/\/wp.ufpel.edu.br\/sisbi\/files\/2017\/02\/2016-Maio-03-Parab\u00e9ns-IMG-8-e1487694058296.jpg\" alt=\"\" width=\"303\" height=\"110\" \/><\/a><\/p>\n","protected":false},"excerpt":{"rendered":"<p>Neste m\u00eas de fevereiro gostar\u00edamos de dar os parab\u00e9ns para: 05\/02 Gabriela Machado Lopes \u2013 Bibliotec\u00e1ria da BCA 23\/02 Patr\u00edcia de Borba Pereira \u2013 Coordenadora das bibliotecas 26\/02 Tiago Mateus Maleico \u2013 Auxiliar de biblioteca da BCP<\/p>\n","protected":false},"author":37,"featured_media":0,"comment_status":"closed","ping_status":"closed","sticky":false,"template":"","format":"standard","meta":{"footnotes":""},"categories":[1],"tags":[],"class_list":["post-1663","post","type-post","status-publish","format-standard","hentry","category-noticias"],"jetpack_featured_media_url":"","_links":{"self":[{"href":"https:\/\/wp.ufpel.edu.br\/sisbi\/wp-json\/wp\/v2\/posts\/1663","targetHints":{"allow":["GET"]}}],"collection":[{"href":"https:\/\/wp.ufpel.edu.br\/sisbi\/wp-json\/wp\/v2\/posts"}],"about":[{"href":"https:\/\/wp.ufpel.edu.br\/sisbi\/wp-json\/wp\/v2\/types\/post"}],"author":[{"embeddable":true,"href":"https:\/\/wp.ufpel.edu.br\/sisbi\/wp-json\/wp\/v2\/users\/37"}],"replies":[{"embeddable":true,"href":"https:\/\/wp.ufpel.edu.br\/sisbi\/wp-json\/wp\/v2\/comments?post=1663"}],"version-history":[{"count":1,"href":"https:\/\/wp.ufpel.edu.br\/sisbi\/wp-json\/wp\/v2\/posts\/1663\/revisions"}],"predecessor-version":[{"id":1666,"href":"https:\/\/wp.ufpel.edu.br\/sisbi\/wp-json\/wp\/v2\/posts\/1663\/revisions\/1666"}],"wp:attachment":[{"href":"https:\/\/wp.ufpel.edu.br\/sisbi\/wp-json\/wp\/v2\/media?parent=1663"}],"wp:term":[{"taxonomy":"category","embeddable":true,"href":"https:\/\/wp.ufpel.edu.br\/sisbi\/wp-json\/wp\/v2\/categories?post=1663"},{"taxonomy":"post_tag","embeddable":true,"href":"https:\/\/wp.ufpel.edu.br\/sisbi\/wp-json\/wp\/v2\/tags?post=1663"}],"curies":[{"name":"wp","href":"https:\/\/api.w.org\/{rel}","templated":true}]}}