{"id":1539,"date":"2017-02-15T10:13:41","date_gmt":"2017-02-15T12:13:41","guid":{"rendered":"https:\/\/wp.ufpel.edu.br\/sisbi\/?p=1539"},"modified":"2017-02-23T11:45:43","modified_gmt":"2017-02-23T14:45:43","slug":"etica-e-vergonha-na-cara","status":"publish","type":"post","link":"https:\/\/wp.ufpel.edu.br\/sisbi\/2017\/02\/15\/etica-e-vergonha-na-cara\/","title":{"rendered":"\u00c9TICA E VERGONHA NA CARA! \u2013 Mario Sergio Cortella e Cl\u00f3vis de Barros Filho"},"content":{"rendered":"<p>Mario Sergio Cortella e Cl\u00f3vis de Barros Filho discutem nesse livro, seja em casa, seja na escola ou no trabalho, muitas vezes os meios utilizados para alcan\u00e7ar um objetivo acabam sendo tratados como uma quest\u00e3o menor diante dos resultados obtidos. Os autores lan\u00e7am uma importante reflex\u00e3o sobre o modo como orientamos nossas escolhas, mostrando de que forma a vergonha encontra seu lugar na \u00e9tica, a fim de que possamos pensar e agir para al\u00e9m do comodismo e dos prazeres individuais.<\/p>\n<p>Livro indicado pela bibliotec\u00e1ria Simone Maisonave<\/p>\n<p><a href=\"https:\/\/wp.ufpel.edu.br\/sisbi\/files\/2017\/02\/16425887_1343923435669340_5258896615611435665_n-e1487164481263.jpg\"><img class=\"alignleft size-full wp-image-1486\" src=\"https:\/\/wp.ufpel.edu.br\/sisbi\/files\/2017\/02\/16425887_1343923435669340_5258896615611435665_n-e1487164481263.jpg\" alt=\"\" width=\"303\" height=\"455\" \/><\/a><\/p>\n","protected":false},"excerpt":{"rendered":"<p>Mario Sergio Cortella e Cl\u00f3vis de Barros Filho discutem nesse livro, seja em casa, seja na escola ou no trabalho, muitas vezes os meios utilizados para alcan\u00e7ar um objetivo acabam sendo tratados como uma quest\u00e3o menor diante dos resultados obtidos. Os autores lan\u00e7am uma importante reflex\u00e3o sobre o modo como orientamos nossas escolhas, mostrando de [&hellip;]<\/p>\n","protected":false},"author":37,"featured_media":0,"comment_status":"closed","ping_status":"closed","sticky":false,"template":"","format":"standard","meta":{"footnotes":""},"categories":[75751],"tags":[],"class_list":["post-1539","post","type-post","status-publish","format-standard","hentry","category-dicas-de-leitura"],"jetpack_featured_media_url":"","_links":{"self":[{"href":"https:\/\/wp.ufpel.edu.br\/sisbi\/wp-json\/wp\/v2\/posts\/1539","targetHints":{"allow":["GET"]}}],"collection":[{"href":"https:\/\/wp.ufpel.edu.br\/sisbi\/wp-json\/wp\/v2\/posts"}],"about":[{"href":"https:\/\/wp.ufpel.edu.br\/sisbi\/wp-json\/wp\/v2\/types\/post"}],"author":[{"embeddable":true,"href":"https:\/\/wp.ufpel.edu.br\/sisbi\/wp-json\/wp\/v2\/users\/37"}],"replies":[{"embeddable":true,"href":"https:\/\/wp.ufpel.edu.br\/sisbi\/wp-json\/wp\/v2\/comments?post=1539"}],"version-history":[{"count":6,"href":"https:\/\/wp.ufpel.edu.br\/sisbi\/wp-json\/wp\/v2\/posts\/1539\/revisions"}],"predecessor-version":[{"id":1677,"href":"https:\/\/wp.ufpel.edu.br\/sisbi\/wp-json\/wp\/v2\/posts\/1539\/revisions\/1677"}],"wp:attachment":[{"href":"https:\/\/wp.ufpel.edu.br\/sisbi\/wp-json\/wp\/v2\/media?parent=1539"}],"wp:term":[{"taxonomy":"category","embeddable":true,"href":"https:\/\/wp.ufpel.edu.br\/sisbi\/wp-json\/wp\/v2\/categories?post=1539"},{"taxonomy":"post_tag","embeddable":true,"href":"https:\/\/wp.ufpel.edu.br\/sisbi\/wp-json\/wp\/v2\/tags?post=1539"}],"curies":[{"name":"wp","href":"https:\/\/api.w.org\/{rel}","templated":true}]}}