{"id":1458,"date":"2017-02-07T10:09:06","date_gmt":"2017-02-07T12:09:06","guid":{"rendered":"https:\/\/wp.ufpel.edu.br\/sisbi\/?p=1458"},"modified":"2017-03-02T10:06:50","modified_gmt":"2017-03-02T13:06:50","slug":"horario-de-funcionamento-das-bibliotecas","status":"publish","type":"post","link":"https:\/\/wp.ufpel.edu.br\/sisbi\/2017\/02\/07\/horario-de-funcionamento-das-bibliotecas\/","title":{"rendered":"Hor\u00e1rio de funcionamento das bibliotecas"},"content":{"rendered":"<p>Confira o hor\u00e1rio de funcionamento de cada biblioteca&#8230;<\/p>\n<p>Biblioteca de Medicina &#8211; 9h \u2013 21h<br \/>\n<a href=\"https:\/\/www.facebook.com\/bibmedufpel\/?fref=ts\" rel=\"nofollow\">https:\/\/www.facebook.com\/bibmedufpel\/?fref=ts<\/a><br \/>\n<span class=\"text_exposed_show\"><br \/>\nBiblioteca de Ci\u00eancias Agrarias &#8211; 8h \u2013 16h<br \/>\n<a href=\"https:\/\/www.facebook.com\/BCA.UFPEL\/?fref=ts\" rel=\"nofollow\">https:\/\/www.facebook.com\/BCA.UFPEL\/?fref=ts<\/a><\/span><\/p>\n<p>Biblioteca Campus Porto &#8211; 8h \u2013 20h<br \/>\n<a href=\"https:\/\/www.facebook.com\/BibCP\/?fref=ts\" rel=\"nofollow\">https:\/\/www.facebook.com\/BibCP\/?fref=ts<\/a><\/p>\n<p>Biblioteca do Lyceu &#8211; 8h \u2013 12h e das 14h &#8211; 20h<br \/>\n<a href=\"https:\/\/www.facebook.com\/Biblioteca-do-Lyceu-UFPel-504830892957048\/?fref=ts\" rel=\"nofollow\">https:\/\/www.facebook.com\/Biblioteca-do-Lyceu-UFPel-504830892957048\/?fref=ts<\/a><\/p>\n<p>Biblioteca de Ci\u00eancias Sociais &#8211; 8h &#8211; 18h<br \/>\n<a href=\"https:\/\/www.facebook.com\/bcs.ufpel\/?fref=ts\" rel=\"nofollow\">https:\/\/www.facebook.com\/bcs.ufpel\/?fref=ts<\/a><\/p>\n<p>Biblioteca de Ci\u00eancia e Tecnologia &#8211; 8h &#8211; 14h<br \/>\n<a href=\"https:\/\/www.facebook.com\/Biblioteca-de-Ci%C3%AAncia-Tecnologia-141111655997758\/?fref=ts\" rel=\"nofollow\">https:\/\/www.facebook.com\/Biblioteca-de-Ci\u00eancia-Tecnologia-141111655997758\/?fref=ts<\/a><\/p>\n<p>Biblioteca de Educa\u00e7\u00e3o F\u00edsica &#8211; 8h &#8211; 22h<br \/>\n<a href=\"https:\/\/www.facebook.com\/BibliotecaDaEscolaSuperiorDeEducacaoFisicaUfPel\/?fref=pb&amp;hc_location=profile_browser\" rel=\"nofollow\">https:\/\/www.facebook.com\/BibliotecaDaEscolaSuperiorDeEducacaoFisicaUfPel\/?fref=pb&amp;hc_location=profile_browser<\/a><\/p>\n<p>Biblioteca do Direito &#8211; 8h &#8211; 22h<br \/>\n<a href=\"https:\/\/www.facebook.com\/bibli.direito?fref=ts\" rel=\"nofollow\">https:\/\/www.facebook.com\/bibli.direito?fref=ts<\/a><\/p>\n<p>Biblioteca Odonto &#8211; 8h &#8211; 18h<br \/>\n<a href=\"https:\/\/www.facebook.com\/biblioteca.odonto?fref=ts\" rel=\"nofollow\">https:\/\/www.facebook.com\/biblioteca.odonto?fref=ts<\/a><\/p>\n<p><a href=\"https:\/\/wp.ufpel.edu.br\/sisbi\/files\/2017\/02\/16473752_1342428229152194_3408916853536788956_n.jpg\"><img class=\"alignleft size-full wp-image-1460\" src=\"https:\/\/wp.ufpel.edu.br\/sisbi\/files\/2017\/02\/16473752_1342428229152194_3408916853536788956_n.jpg\" alt=\"\" width=\"606\" height=\"396\" \/><\/a><\/p>\n","protected":false},"excerpt":{"rendered":"<p>Confira o hor\u00e1rio de funcionamento de cada biblioteca&#8230; Biblioteca de Medicina &#8211; 9h \u2013 21h https:\/\/www.facebook.com\/bibmedufpel\/?fref=ts Biblioteca de Ci\u00eancias Agrarias &#8211; 8h \u2013 16h https:\/\/www.facebook.com\/BCA.UFPEL\/?fref=ts Biblioteca Campus Porto &#8211; 8h \u2013 20h https:\/\/www.facebook.com\/BibCP\/?fref=ts Biblioteca do Lyceu &#8211; 8h \u2013 12h e das 14h &#8211; 20h https:\/\/www.facebook.com\/Biblioteca-do-Lyceu-UFPel-504830892957048\/?fref=ts Biblioteca de Ci\u00eancias Sociais &#8211; 8h &#8211; 18h https:\/\/www.facebook.com\/bcs.ufpel\/?fref=ts [&hellip;]<\/p>\n","protected":false},"author":37,"featured_media":0,"comment_status":"closed","ping_status":"closed","sticky":false,"template":"","format":"standard","meta":{"footnotes":""},"categories":[1],"tags":[],"class_list":["post-1458","post","type-post","status-publish","format-standard","hentry","category-noticias"],"jetpack_featured_media_url":"","_links":{"self":[{"href":"https:\/\/wp.ufpel.edu.br\/sisbi\/wp-json\/wp\/v2\/posts\/1458","targetHints":{"allow":["GET"]}}],"collection":[{"href":"https:\/\/wp.ufpel.edu.br\/sisbi\/wp-json\/wp\/v2\/posts"}],"about":[{"href":"https:\/\/wp.ufpel.edu.br\/sisbi\/wp-json\/wp\/v2\/types\/post"}],"author":[{"embeddable":true,"href":"https:\/\/wp.ufpel.edu.br\/sisbi\/wp-json\/wp\/v2\/users\/37"}],"replies":[{"embeddable":true,"href":"https:\/\/wp.ufpel.edu.br\/sisbi\/wp-json\/wp\/v2\/comments?post=1458"}],"version-history":[{"count":2,"href":"https:\/\/wp.ufpel.edu.br\/sisbi\/wp-json\/wp\/v2\/posts\/1458\/revisions"}],"predecessor-version":[{"id":1728,"href":"https:\/\/wp.ufpel.edu.br\/sisbi\/wp-json\/wp\/v2\/posts\/1458\/revisions\/1728"}],"wp:attachment":[{"href":"https:\/\/wp.ufpel.edu.br\/sisbi\/wp-json\/wp\/v2\/media?parent=1458"}],"wp:term":[{"taxonomy":"category","embeddable":true,"href":"https:\/\/wp.ufpel.edu.br\/sisbi\/wp-json\/wp\/v2\/categories?post=1458"},{"taxonomy":"post_tag","embeddable":true,"href":"https:\/\/wp.ufpel.edu.br\/sisbi\/wp-json\/wp\/v2\/tags?post=1458"}],"curies":[{"name":"wp","href":"https:\/\/api.w.org\/{rel}","templated":true}]}}