{"id":5030,"date":"2025-09-25T12:00:11","date_gmt":"2025-09-25T15:00:11","guid":{"rendered":"https:\/\/wp.ufpel.edu.br\/sga\/?p=5030"},"modified":"2025-09-25T12:00:44","modified_gmt":"2025-09-25T15:00:44","slug":"realizacao-da-1a-oficina-de-higienizacao-de-documentos-para-discentes-e-egressos-da-ufpel","status":"publish","type":"post","link":"https:\/\/wp.ufpel.edu.br\/sga\/2025\/09\/25\/realizacao-da-1a-oficina-de-higienizacao-de-documentos-para-discentes-e-egressos-da-ufpel\/","title":{"rendered":"Realiza\u00e7\u00e3o da 1\u00aa Oficina de Higieniza\u00e7\u00e3o de Documentos para discentes e egressos da UFPel"},"content":{"rendered":"<p>No dia 18 de setembro, a Unidade de Arquivo da Universidade Federal de Pelotas (UARQ\/UFPEL) realizou sua primeira Oficina de Higieniza\u00e7\u00e3o de Documentos, fruto de uma parceria com o curso de bacharelado em Hist\u00f3ria. A oficina foi ministrada pela Prof\u00aa Dr\u00aa. Ana Inez Klein e pelos arquivistas Alessandro Aquino Dias e Dulcelene Pereira Alves para discentes e egressos de diferentes \u00e1reas do conhecimento, interessados em aprender sobre a t\u00e9cnica. A atividade envolveu teorias e pr\u00e1ticas da conserva\u00e7\u00e3o documental, constituindo-se um importante instrumento para trocas de experi\u00eancias e constru\u00e7\u00e3o de novos saberes. A oficina integra o projeto de difus\u00e3o cultural do Arquivo Geral da Universidade que busca valorizar a fun\u00e7\u00e3o educativa e cultural dos acervos e, principalmente, aproximar a comunidade acad\u00eamica deste importante espa\u00e7o de mem\u00f3ria da Universidade Federal de Pelotas.<\/p>\n<p><img class=\"alignnone wp-image-5034\" src=\"https:\/\/wp.ufpel.edu.br\/sga\/files\/2025\/09\/WhatsApp-Image-2025-09-23-at-08.37.17-2-300x400.jpeg\" alt=\"\" width=\"223\" height=\"297\" srcset=\"https:\/\/wp.ufpel.edu.br\/sga\/files\/2025\/09\/WhatsApp-Image-2025-09-23-at-08.37.17-2-300x400.jpeg 300w, https:\/\/wp.ufpel.edu.br\/sga\/files\/2025\/09\/WhatsApp-Image-2025-09-23-at-08.37.17-2-768x1024.jpeg 768w, https:\/\/wp.ufpel.edu.br\/sga\/files\/2025\/09\/WhatsApp-Image-2025-09-23-at-08.37.17-2.jpeg 960w\" sizes=\"(max-width: 223px) 100vw, 223px\" \/>\u00a0 \u00a0 \u00a0 \u00a0 \u00a0 \u00a0 \u00a0 \u00a0 \u00a0 <img class=\"alignnone size-medium wp-image-5032\" src=\"https:\/\/wp.ufpel.edu.br\/sga\/files\/2025\/09\/WhatsApp-Image-2025-09-23-at-08.37.17-3-400x300.jpeg\" alt=\"\" width=\"400\" height=\"300\" srcset=\"https:\/\/wp.ufpel.edu.br\/sga\/files\/2025\/09\/WhatsApp-Image-2025-09-23-at-08.37.17-3-400x300.jpeg 400w, https:\/\/wp.ufpel.edu.br\/sga\/files\/2025\/09\/WhatsApp-Image-2025-09-23-at-08.37.17-3-1024x768.jpeg 1024w, https:\/\/wp.ufpel.edu.br\/sga\/files\/2025\/09\/WhatsApp-Image-2025-09-23-at-08.37.17-3-768x576.jpeg 768w, https:\/\/wp.ufpel.edu.br\/sga\/files\/2025\/09\/WhatsApp-Image-2025-09-23-at-08.37.17-3.jpeg 1280w\" sizes=\"(max-width: 400px) 100vw, 400px\" \/><\/p>\n","protected":false},"excerpt":{"rendered":"<p>No dia 18 de setembro, a Unidade de Arquivo da Universidade Federal de Pelotas (UARQ\/UFPEL) realizou sua primeira Oficina de Higieniza\u00e7\u00e3o de Documentos, fruto de uma parceria com o curso de bacharelado em Hist\u00f3ria. A oficina foi ministrada pela Prof\u00aa Dr\u00aa. Ana Inez Klein e pelos arquivistas Alessandro Aquino Dias e Dulcelene Pereira Alves para [&hellip;]<\/p>\n","protected":false},"author":1459,"featured_media":0,"comment_status":"closed","ping_status":"closed","sticky":false,"template":"","format":"standard","meta":{"jetpack_post_was_ever_published":false,"_jetpack_newsletter_access":"","_jetpack_dont_email_post_to_subs":false,"_jetpack_newsletter_tier_id":0,"_jetpack_memberships_contains_paywalled_content":false,"_jetpack_memberships_contains_paid_content":false,"footnotes":""},"categories":[1],"tags":[],"class_list":["post-5030","post","type-post","status-publish","format-standard","hentry","category-noticias"],"yoast_head":"<!-- This site is optimized with the Yoast SEO plugin v26.7 - https:\/\/yoast.com\/wordpress\/plugins\/seo\/ -->\n<title>Realiza\u00e7\u00e3o da 1\u00aa Oficina de Higieniza\u00e7\u00e3o de Documentos para discentes e egressos da UFPel - Pr\u00f3-Reitoria Administrativa<\/title>\n<meta name=\"robots\" content=\"index, follow, max-snippet:-1, max-image-preview:large, max-video-preview:-1\" \/>\n<link rel=\"canonical\" href=\"https:\/\/wp.ufpel.edu.br\/sga\/2025\/09\/25\/realizacao-da-1a-oficina-de-higienizacao-de-documentos-para-discentes-e-egressos-da-ufpel\/\" \/>\n<meta property=\"og:locale\" content=\"pt_BR\" \/>\n<meta property=\"og:type\" content=\"article\" \/>\n<meta property=\"og:title\" content=\"Realiza\u00e7\u00e3o da 1\u00aa Oficina de Higieniza\u00e7\u00e3o de Documentos para discentes e egressos da UFPel - Pr\u00f3-Reitoria Administrativa\" \/>\n<meta property=\"og:description\" content=\"No dia 18 de setembro, a Unidade de Arquivo da Universidade Federal de Pelotas (UARQ\/UFPEL) realizou sua primeira Oficina de Higieniza\u00e7\u00e3o de Documentos, fruto de uma parceria com o curso de bacharelado em Hist\u00f3ria. A oficina foi ministrada pela Prof\u00aa Dr\u00aa. Ana Inez Klein e pelos arquivistas Alessandro Aquino Dias e Dulcelene Pereira Alves para [&hellip;]\" \/>\n<meta property=\"og:url\" content=\"https:\/\/wp.ufpel.edu.br\/sga\/2025\/09\/25\/realizacao-da-1a-oficina-de-higienizacao-de-documentos-para-discentes-e-egressos-da-ufpel\/\" \/>\n<meta property=\"og:site_name\" content=\"Pr\u00f3-Reitoria Administrativa\" \/>\n<meta property=\"article:published_time\" content=\"2025-09-25T15:00:11+00:00\" \/>\n<meta property=\"article:modified_time\" content=\"2025-09-25T15:00:44+00:00\" \/>\n<meta property=\"og:image\" content=\"https:\/\/wp.ufpel.edu.br\/sga\/files\/2025\/09\/WhatsApp-Image-2025-09-23-at-08.37.17-2.jpeg\" \/>\n\t<meta property=\"og:image:width\" content=\"960\" \/>\n\t<meta property=\"og:image:height\" content=\"1280\" \/>\n\t<meta property=\"og:image:type\" content=\"image\/jpeg\" \/>\n<meta name=\"author\" content=\"sga\" \/>\n<meta name=\"twitter:card\" content=\"summary_large_image\" \/>\n<meta name=\"twitter:label1\" content=\"Escrito por\" \/>\n\t<meta name=\"twitter:data1\" content=\"sga\" \/>\n\t<meta name=\"twitter:label2\" content=\"Est. tempo de leitura\" \/>\n\t<meta name=\"twitter:data2\" content=\"2 minutos\" \/>\n<script type=\"application\/ld+json\" class=\"yoast-schema-graph\">{\"@context\":\"https:\/\/schema.org\",\"@graph\":[{\"@type\":\"Article\",\"@id\":\"https:\/\/wp.ufpel.edu.br\/sga\/2025\/09\/25\/realizacao-da-1a-oficina-de-higienizacao-de-documentos-para-discentes-e-egressos-da-ufpel\/#article\",\"isPartOf\":{\"@id\":\"https:\/\/wp.ufpel.edu.br\/sga\/2025\/09\/25\/realizacao-da-1a-oficina-de-higienizacao-de-documentos-para-discentes-e-egressos-da-ufpel\/\"},\"author\":{\"name\":\"sga\",\"@id\":\"https:\/\/wp.ufpel.edu.br\/sga\/#\/schema\/person\/b09d6dc93fd43ed6e9906c5885d5d871\"},\"headline\":\"Realiza\u00e7\u00e3o da 1\u00aa Oficina de Higieniza\u00e7\u00e3o de Documentos para discentes e egressos da UFPel\",\"datePublished\":\"2025-09-25T15:00:11+00:00\",\"dateModified\":\"2025-09-25T15:00:44+00:00\",\"mainEntityOfPage\":{\"@id\":\"https:\/\/wp.ufpel.edu.br\/sga\/2025\/09\/25\/realizacao-da-1a-oficina-de-higienizacao-de-documentos-para-discentes-e-egressos-da-ufpel\/\"},\"wordCount\":157,\"image\":{\"@id\":\"https:\/\/wp.ufpel.edu.br\/sga\/2025\/09\/25\/realizacao-da-1a-oficina-de-higienizacao-de-documentos-para-discentes-e-egressos-da-ufpel\/#primaryimage\"},\"thumbnailUrl\":\"https:\/\/wp.ufpel.edu.br\/sga\/files\/2025\/09\/WhatsApp-Image-2025-09-23-at-08.37.17-2-300x400.jpeg\",\"articleSection\":[\"Not\u00edcias\"],\"inLanguage\":\"pt-BR\"},{\"@type\":\"WebPage\",\"@id\":\"https:\/\/wp.ufpel.edu.br\/sga\/2025\/09\/25\/realizacao-da-1a-oficina-de-higienizacao-de-documentos-para-discentes-e-egressos-da-ufpel\/\",\"url\":\"https:\/\/wp.ufpel.edu.br\/sga\/2025\/09\/25\/realizacao-da-1a-oficina-de-higienizacao-de-documentos-para-discentes-e-egressos-da-ufpel\/\",\"name\":\"Realiza\u00e7\u00e3o da 1\u00aa Oficina de Higieniza\u00e7\u00e3o de Documentos para discentes e egressos da UFPel - Pr\u00f3-Reitoria Administrativa\",\"isPartOf\":{\"@id\":\"https:\/\/wp.ufpel.edu.br\/sga\/#website\"},\"primaryImageOfPage\":{\"@id\":\"https:\/\/wp.ufpel.edu.br\/sga\/2025\/09\/25\/realizacao-da-1a-oficina-de-higienizacao-de-documentos-para-discentes-e-egressos-da-ufpel\/#primaryimage\"},\"image\":{\"@id\":\"https:\/\/wp.ufpel.edu.br\/sga\/2025\/09\/25\/realizacao-da-1a-oficina-de-higienizacao-de-documentos-para-discentes-e-egressos-da-ufpel\/#primaryimage\"},\"thumbnailUrl\":\"https:\/\/wp.ufpel.edu.br\/sga\/files\/2025\/09\/WhatsApp-Image-2025-09-23-at-08.37.17-2-300x400.jpeg\",\"datePublished\":\"2025-09-25T15:00:11+00:00\",\"dateModified\":\"2025-09-25T15:00:44+00:00\",\"author\":{\"@id\":\"https:\/\/wp.ufpel.edu.br\/sga\/#\/schema\/person\/b09d6dc93fd43ed6e9906c5885d5d871\"},\"breadcrumb\":{\"@id\":\"https:\/\/wp.ufpel.edu.br\/sga\/2025\/09\/25\/realizacao-da-1a-oficina-de-higienizacao-de-documentos-para-discentes-e-egressos-da-ufpel\/#breadcrumb\"},\"inLanguage\":\"pt-BR\",\"potentialAction\":[{\"@type\":\"ReadAction\",\"target\":[\"https:\/\/wp.ufpel.edu.br\/sga\/2025\/09\/25\/realizacao-da-1a-oficina-de-higienizacao-de-documentos-para-discentes-e-egressos-da-ufpel\/\"]}]},{\"@type\":\"ImageObject\",\"inLanguage\":\"pt-BR\",\"@id\":\"https:\/\/wp.ufpel.edu.br\/sga\/2025\/09\/25\/realizacao-da-1a-oficina-de-higienizacao-de-documentos-para-discentes-e-egressos-da-ufpel\/#primaryimage\",\"url\":\"https:\/\/wp.ufpel.edu.br\/sga\/files\/2025\/09\/WhatsApp-Image-2025-09-23-at-08.37.17-2.jpeg\",\"contentUrl\":\"https:\/\/wp.ufpel.edu.br\/sga\/files\/2025\/09\/WhatsApp-Image-2025-09-23-at-08.37.17-2.jpeg\",\"width\":960,\"height\":1280},{\"@type\":\"BreadcrumbList\",\"@id\":\"https:\/\/wp.ufpel.edu.br\/sga\/2025\/09\/25\/realizacao-da-1a-oficina-de-higienizacao-de-documentos-para-discentes-e-egressos-da-ufpel\/#breadcrumb\",\"itemListElement\":[{\"@type\":\"ListItem\",\"position\":1,\"name\":\"In\u00edcio\",\"item\":\"https:\/\/wp.ufpel.edu.br\/sga\/\"},{\"@type\":\"ListItem\",\"position\":2,\"name\":\"Realiza\u00e7\u00e3o da 1\u00aa Oficina de Higieniza\u00e7\u00e3o de Documentos para discentes e egressos da UFPel\"}]},{\"@type\":\"WebSite\",\"@id\":\"https:\/\/wp.ufpel.edu.br\/sga\/#website\",\"url\":\"https:\/\/wp.ufpel.edu.br\/sga\/\",\"name\":\"Pr\u00f3-Reitoria Administrativa\",\"description\":\"Universidade Federal de Pelotas\",\"potentialAction\":[{\"@type\":\"SearchAction\",\"target\":{\"@type\":\"EntryPoint\",\"urlTemplate\":\"https:\/\/wp.ufpel.edu.br\/sga\/?s={search_term_string}\"},\"query-input\":{\"@type\":\"PropertyValueSpecification\",\"valueRequired\":true,\"valueName\":\"search_term_string\"}}],\"inLanguage\":\"pt-BR\"},{\"@type\":\"Person\",\"@id\":\"https:\/\/wp.ufpel.edu.br\/sga\/#\/schema\/person\/b09d6dc93fd43ed6e9906c5885d5d871\",\"name\":\"sga\",\"image\":{\"@type\":\"ImageObject\",\"inLanguage\":\"pt-BR\",\"@id\":\"https:\/\/wp.ufpel.edu.br\/sga\/#\/schema\/person\/image\/\",\"url\":\"https:\/\/secure.gravatar.com\/avatar\/a6459f3054909333623f3575557d8d7161f44a118137b18a0e4c206c29e517d4?s=96&d=mm&r=g\",\"contentUrl\":\"https:\/\/secure.gravatar.com\/avatar\/a6459f3054909333623f3575557d8d7161f44a118137b18a0e4c206c29e517d4?s=96&d=mm&r=g\",\"caption\":\"sga\"},\"url\":\"https:\/\/wp.ufpel.edu.br\/sga\/author\/sga\/\"}]}<\/script>\n<!-- \/ Yoast SEO plugin. -->","yoast_head_json":{"title":"Realiza\u00e7\u00e3o da 1\u00aa Oficina de Higieniza\u00e7\u00e3o de Documentos para discentes e egressos da UFPel - Pr\u00f3-Reitoria Administrativa","robots":{"index":"index","follow":"follow","max-snippet":"max-snippet:-1","max-image-preview":"max-image-preview:large","max-video-preview":"max-video-preview:-1"},"canonical":"https:\/\/wp.ufpel.edu.br\/sga\/2025\/09\/25\/realizacao-da-1a-oficina-de-higienizacao-de-documentos-para-discentes-e-egressos-da-ufpel\/","og_locale":"pt_BR","og_type":"article","og_title":"Realiza\u00e7\u00e3o da 1\u00aa Oficina de Higieniza\u00e7\u00e3o de Documentos para discentes e egressos da UFPel - Pr\u00f3-Reitoria Administrativa","og_description":"No dia 18 de setembro, a Unidade de Arquivo da Universidade Federal de Pelotas (UARQ\/UFPEL) realizou sua primeira Oficina de Higieniza\u00e7\u00e3o de Documentos, fruto de uma parceria com o curso de bacharelado em Hist\u00f3ria. A oficina foi ministrada pela Prof\u00aa Dr\u00aa. Ana Inez Klein e pelos arquivistas Alessandro Aquino Dias e Dulcelene Pereira Alves para [&hellip;]","og_url":"https:\/\/wp.ufpel.edu.br\/sga\/2025\/09\/25\/realizacao-da-1a-oficina-de-higienizacao-de-documentos-para-discentes-e-egressos-da-ufpel\/","og_site_name":"Pr\u00f3-Reitoria Administrativa","article_published_time":"2025-09-25T15:00:11+00:00","article_modified_time":"2025-09-25T15:00:44+00:00","og_image":[{"width":960,"height":1280,"url":"https:\/\/wp.ufpel.edu.br\/sga\/files\/2025\/09\/WhatsApp-Image-2025-09-23-at-08.37.17-2.jpeg","type":"image\/jpeg"}],"author":"sga","twitter_card":"summary_large_image","twitter_misc":{"Escrito por":"sga","Est. tempo de leitura":"2 minutos"},"schema":{"@context":"https:\/\/schema.org","@graph":[{"@type":"Article","@id":"https:\/\/wp.ufpel.edu.br\/sga\/2025\/09\/25\/realizacao-da-1a-oficina-de-higienizacao-de-documentos-para-discentes-e-egressos-da-ufpel\/#article","isPartOf":{"@id":"https:\/\/wp.ufpel.edu.br\/sga\/2025\/09\/25\/realizacao-da-1a-oficina-de-higienizacao-de-documentos-para-discentes-e-egressos-da-ufpel\/"},"author":{"name":"sga","@id":"https:\/\/wp.ufpel.edu.br\/sga\/#\/schema\/person\/b09d6dc93fd43ed6e9906c5885d5d871"},"headline":"Realiza\u00e7\u00e3o da 1\u00aa Oficina de Higieniza\u00e7\u00e3o de Documentos para discentes e egressos da UFPel","datePublished":"2025-09-25T15:00:11+00:00","dateModified":"2025-09-25T15:00:44+00:00","mainEntityOfPage":{"@id":"https:\/\/wp.ufpel.edu.br\/sga\/2025\/09\/25\/realizacao-da-1a-oficina-de-higienizacao-de-documentos-para-discentes-e-egressos-da-ufpel\/"},"wordCount":157,"image":{"@id":"https:\/\/wp.ufpel.edu.br\/sga\/2025\/09\/25\/realizacao-da-1a-oficina-de-higienizacao-de-documentos-para-discentes-e-egressos-da-ufpel\/#primaryimage"},"thumbnailUrl":"https:\/\/wp.ufpel.edu.br\/sga\/files\/2025\/09\/WhatsApp-Image-2025-09-23-at-08.37.17-2-300x400.jpeg","articleSection":["Not\u00edcias"],"inLanguage":"pt-BR"},{"@type":"WebPage","@id":"https:\/\/wp.ufpel.edu.br\/sga\/2025\/09\/25\/realizacao-da-1a-oficina-de-higienizacao-de-documentos-para-discentes-e-egressos-da-ufpel\/","url":"https:\/\/wp.ufpel.edu.br\/sga\/2025\/09\/25\/realizacao-da-1a-oficina-de-higienizacao-de-documentos-para-discentes-e-egressos-da-ufpel\/","name":"Realiza\u00e7\u00e3o da 1\u00aa Oficina de Higieniza\u00e7\u00e3o de Documentos para discentes e egressos da UFPel - Pr\u00f3-Reitoria Administrativa","isPartOf":{"@id":"https:\/\/wp.ufpel.edu.br\/sga\/#website"},"primaryImageOfPage":{"@id":"https:\/\/wp.ufpel.edu.br\/sga\/2025\/09\/25\/realizacao-da-1a-oficina-de-higienizacao-de-documentos-para-discentes-e-egressos-da-ufpel\/#primaryimage"},"image":{"@id":"https:\/\/wp.ufpel.edu.br\/sga\/2025\/09\/25\/realizacao-da-1a-oficina-de-higienizacao-de-documentos-para-discentes-e-egressos-da-ufpel\/#primaryimage"},"thumbnailUrl":"https:\/\/wp.ufpel.edu.br\/sga\/files\/2025\/09\/WhatsApp-Image-2025-09-23-at-08.37.17-2-300x400.jpeg","datePublished":"2025-09-25T15:00:11+00:00","dateModified":"2025-09-25T15:00:44+00:00","author":{"@id":"https:\/\/wp.ufpel.edu.br\/sga\/#\/schema\/person\/b09d6dc93fd43ed6e9906c5885d5d871"},"breadcrumb":{"@id":"https:\/\/wp.ufpel.edu.br\/sga\/2025\/09\/25\/realizacao-da-1a-oficina-de-higienizacao-de-documentos-para-discentes-e-egressos-da-ufpel\/#breadcrumb"},"inLanguage":"pt-BR","potentialAction":[{"@type":"ReadAction","target":["https:\/\/wp.ufpel.edu.br\/sga\/2025\/09\/25\/realizacao-da-1a-oficina-de-higienizacao-de-documentos-para-discentes-e-egressos-da-ufpel\/"]}]},{"@type":"ImageObject","inLanguage":"pt-BR","@id":"https:\/\/wp.ufpel.edu.br\/sga\/2025\/09\/25\/realizacao-da-1a-oficina-de-higienizacao-de-documentos-para-discentes-e-egressos-da-ufpel\/#primaryimage","url":"https:\/\/wp.ufpel.edu.br\/sga\/files\/2025\/09\/WhatsApp-Image-2025-09-23-at-08.37.17-2.jpeg","contentUrl":"https:\/\/wp.ufpel.edu.br\/sga\/files\/2025\/09\/WhatsApp-Image-2025-09-23-at-08.37.17-2.jpeg","width":960,"height":1280},{"@type":"BreadcrumbList","@id":"https:\/\/wp.ufpel.edu.br\/sga\/2025\/09\/25\/realizacao-da-1a-oficina-de-higienizacao-de-documentos-para-discentes-e-egressos-da-ufpel\/#breadcrumb","itemListElement":[{"@type":"ListItem","position":1,"name":"In\u00edcio","item":"https:\/\/wp.ufpel.edu.br\/sga\/"},{"@type":"ListItem","position":2,"name":"Realiza\u00e7\u00e3o da 1\u00aa Oficina de Higieniza\u00e7\u00e3o de Documentos para discentes e egressos da UFPel"}]},{"@type":"WebSite","@id":"https:\/\/wp.ufpel.edu.br\/sga\/#website","url":"https:\/\/wp.ufpel.edu.br\/sga\/","name":"Pr\u00f3-Reitoria Administrativa","description":"Universidade Federal de Pelotas","potentialAction":[{"@type":"SearchAction","target":{"@type":"EntryPoint","urlTemplate":"https:\/\/wp.ufpel.edu.br\/sga\/?s={search_term_string}"},"query-input":{"@type":"PropertyValueSpecification","valueRequired":true,"valueName":"search_term_string"}}],"inLanguage":"pt-BR"},{"@type":"Person","@id":"https:\/\/wp.ufpel.edu.br\/sga\/#\/schema\/person\/b09d6dc93fd43ed6e9906c5885d5d871","name":"sga","image":{"@type":"ImageObject","inLanguage":"pt-BR","@id":"https:\/\/wp.ufpel.edu.br\/sga\/#\/schema\/person\/image\/","url":"https:\/\/secure.gravatar.com\/avatar\/a6459f3054909333623f3575557d8d7161f44a118137b18a0e4c206c29e517d4?s=96&d=mm&r=g","contentUrl":"https:\/\/secure.gravatar.com\/avatar\/a6459f3054909333623f3575557d8d7161f44a118137b18a0e4c206c29e517d4?s=96&d=mm&r=g","caption":"sga"},"url":"https:\/\/wp.ufpel.edu.br\/sga\/author\/sga\/"}]}},"jetpack_featured_media_url":"","jetpack_sharing_enabled":true,"_links":{"self":[{"href":"https:\/\/wp.ufpel.edu.br\/sga\/wp-json\/wp\/v2\/posts\/5030","targetHints":{"allow":["GET"]}}],"collection":[{"href":"https:\/\/wp.ufpel.edu.br\/sga\/wp-json\/wp\/v2\/posts"}],"about":[{"href":"https:\/\/wp.ufpel.edu.br\/sga\/wp-json\/wp\/v2\/types\/post"}],"author":[{"embeddable":true,"href":"https:\/\/wp.ufpel.edu.br\/sga\/wp-json\/wp\/v2\/users\/1459"}],"replies":[{"embeddable":true,"href":"https:\/\/wp.ufpel.edu.br\/sga\/wp-json\/wp\/v2\/comments?post=5030"}],"version-history":[{"count":2,"href":"https:\/\/wp.ufpel.edu.br\/sga\/wp-json\/wp\/v2\/posts\/5030\/revisions"}],"predecessor-version":[{"id":5036,"href":"https:\/\/wp.ufpel.edu.br\/sga\/wp-json\/wp\/v2\/posts\/5030\/revisions\/5036"}],"wp:attachment":[{"href":"https:\/\/wp.ufpel.edu.br\/sga\/wp-json\/wp\/v2\/media?parent=5030"}],"wp:term":[{"taxonomy":"category","embeddable":true,"href":"https:\/\/wp.ufpel.edu.br\/sga\/wp-json\/wp\/v2\/categories?post=5030"},{"taxonomy":"post_tag","embeddable":true,"href":"https:\/\/wp.ufpel.edu.br\/sga\/wp-json\/wp\/v2\/tags?post=5030"}],"curies":[{"name":"wp","href":"https:\/\/api.w.org\/{rel}","templated":true}]}}