{"id":739,"date":"2019-06-15T18:19:07","date_gmt":"2019-06-15T21:19:07","guid":{"rendered":"https:\/\/wp.ufpel.edu.br\/seur\/?p=739"},"modified":"2019-06-15T18:19:07","modified_gmt":"2019-06-15T21:19:07","slug":"mara-lucia-recebera-o-premio-professor-mario-rosa-do-merito-academico-em-geografia-2019","status":"publish","type":"post","link":"https:\/\/wp.ufpel.edu.br\/seur\/2019\/06\/15\/mara-lucia-recebera-o-premio-professor-mario-rosa-do-merito-academico-em-geografia-2019\/","title":{"rendered":"Mara L\u00facia receber\u00e1 o Pr\u00eamio Professor M\u00e1rio Rosa do M\u00e9rito Acad\u00eamico em Geografia 2019"},"content":{"rendered":"<p><a href=\"https:\/\/i1.wp.com\/wp.ufpel.edu.br\/leurengeo\/files\/2019\/04\/Pr\u00eamio.jpg?ssl=1\"><img class=\"size-thumbnail wp-image-431 aligncenter\" src=\"https:\/\/i1.wp.com\/wp.ufpel.edu.br\/leurengeo\/files\/2019\/04\/Pr\u00eamio.jpg?resize=200%2C198&amp;ssl=1\" alt=\"\" width=\"200\" height=\"198\" data-attachment-id=\"431\" data-permalink=\"https:\/\/wp.ufpel.edu.br\/leurengeo\/premio\/\" data-orig-file=\"https:\/\/i1.wp.com\/wp.ufpel.edu.br\/leurengeo\/files\/2019\/04\/Pr\u00eamio.jpg?fit=254%2C198&amp;ssl=1\" data-orig-size=\"254,198\" data-comments-opened=\"0\" data-image-meta=\"{&quot;aperture&quot;:&quot;0&quot;,&quot;credit&quot;:&quot;&quot;,&quot;camera&quot;:&quot;&quot;,&quot;caption&quot;:&quot;&quot;,&quot;created_timestamp&quot;:&quot;0&quot;,&quot;copyright&quot;:&quot;&quot;,&quot;focal_length&quot;:&quot;0&quot;,&quot;iso&quot;:&quot;0&quot;,&quot;shutter_speed&quot;:&quot;0&quot;,&quot;title&quot;:&quot;&quot;,&quot;orientation&quot;:&quot;1&quot;}\" data-image-title=\"Pr\u00eamio\" data-image-description=\"\" data-medium-file=\"https:\/\/i1.wp.com\/wp.ufpel.edu.br\/leurengeo\/files\/2019\/04\/Pr\u00eamio.jpg?fit=254%2C198&amp;ssl=1\" data-large-file=\"https:\/\/i1.wp.com\/wp.ufpel.edu.br\/leurengeo\/files\/2019\/04\/Pr\u00eamio.jpg?fit=254%2C198&amp;ssl=1\" \/><\/a><\/p>\n<p>A servidora t\u00e9cnica-administrativa aposentada <strong>Mara L\u00facia Vasconcelos da Costa<\/strong> foi a escolhida para receber a <strong>Homenagem Especial no Pr\u00eamio Professor M\u00e1rio Rosa do M\u00e9rito Acad\u00eamico em Geografia<\/strong>, conferido pelo Laborat\u00f3rio de Estudos Urbanos e Regionais (LEUR) da Geografia\/ICH, na edi\u00e7\u00e3o de 2019.<\/p>\n<p>A cerim\u00f4nia de entrega ocorrer\u00e1 no dia 26 de junho de 2018 durante a <a href=\"https:\/\/wp.ufpel.edu.br\/seur\/\" target=\"_blank\" rel=\"noopener noreferrer\">programa\u00e7\u00e3o do XV SEUR.<\/a><\/p>\n<p><a href=\"https:\/\/i1.wp.com\/wp.ufpel.edu.br\/leurengeo\/files\/2019\/06\/Mara_2009.jpg?ssl=1\"><img class=\"aligncenter wp-image-553\" src=\"https:\/\/i1.wp.com\/wp.ufpel.edu.br\/leurengeo\/files\/2019\/06\/Mara_2009.jpg?resize=180%2C327&amp;ssl=1\" alt=\"\" width=\"180\" height=\"327\" data-attachment-id=\"553\" data-permalink=\"https:\/\/wp.ufpel.edu.br\/leurengeo\/2019\/06\/04\/mara-lucia-recebera-o-premio-professor-mario-rosa-do-merito-academico-em-geografia-2019\/mara_2009\/\" data-orig-file=\"https:\/\/i1.wp.com\/wp.ufpel.edu.br\/leurengeo\/files\/2019\/06\/Mara_2009-e1559580673827.jpg?fit=598%2C1088&amp;ssl=1\" data-orig-size=\"598,1088\" data-comments-opened=\"0\" data-image-meta=\"{&quot;aperture&quot;:&quot;2.8&quot;,&quot;credit&quot;:&quot;&quot;,&quot;camera&quot;:&quot;DSC-W50&quot;,&quot;caption&quot;:&quot;&quot;,&quot;created_timestamp&quot;:&quot;1249485754&quot;,&quot;copyright&quot;:&quot;&quot;,&quot;focal_length&quot;:&quot;6.3&quot;,&quot;iso&quot;:&quot;320&quot;,&quot;shutter_speed&quot;:&quot;0.025&quot;,&quot;title&quot;:&quot;&quot;,&quot;orientation&quot;:&quot;1&quot;}\" data-image-title=\"Mara_2009\" data-image-description=\"\" data-medium-file=\"https:\/\/i1.wp.com\/wp.ufpel.edu.br\/leurengeo\/files\/2019\/06\/Mara_2009-e1559580673827.jpg?fit=220%2C400&amp;ssl=1\" data-large-file=\"https:\/\/i1.wp.com\/wp.ufpel.edu.br\/leurengeo\/files\/2019\/06\/Mara_2009-e1559580673827.jpg?fit=563%2C1024&amp;ssl=1\" \/><\/a><\/p>\n<p>A escolha, un\u00e2nime por parte dos coordenadores do laborat\u00f3rio, \u00e9 um reconhecimento \u00e0 carreira da servidora que, desde 2009 atua junto ao LEUR e provocou enorme alegria entre todos os membros do laborat\u00f3rio, que reconhecem na servidora m\u00e9ritos para a premia\u00e7\u00e3o. Em suas atividades, para al\u00e9m das fun\u00e7\u00f5es t\u00e9cnicas e administrativas, Mara L\u00facia sempre atuou de forma envolvida nos projetos de pesquisa, ensino e extens\u00e3o. Com forma\u00e7\u00e3o em Geografia, coordenava as atividades dos bolsistas do laborat\u00f3rio, envolvendo-se, dessa forma, em todos os projetos dos professores que atuam no LEUR.<\/p>\n<div id=\"attachment_555\" class=\"wp-caption aligncenter\"><a href=\"https:\/\/i2.wp.com\/wp.ufpel.edu.br\/leurengeo\/files\/2019\/06\/Premio_Mara_1.jpg?ssl=1\"><img class=\"wp-image-555 size-full\" src=\"https:\/\/i2.wp.com\/wp.ufpel.edu.br\/leurengeo\/files\/2019\/06\/Premio_Mara_1.jpg?resize=640%2C480&amp;ssl=1\" alt=\"\" width=\"640\" height=\"480\" aria-describedby=\"caption-attachment-555\" data-attachment-id=\"555\" data-permalink=\"https:\/\/wp.ufpel.edu.br\/leurengeo\/2019\/06\/04\/mara-lucia-recebera-o-premio-professor-mario-rosa-do-merito-academico-em-geografia-2019\/premio_mara_1\/\" data-orig-file=\"https:\/\/i2.wp.com\/wp.ufpel.edu.br\/leurengeo\/files\/2019\/06\/Premio_Mara_1.jpg?fit=640%2C480&amp;ssl=1\" data-orig-size=\"640,480\" data-comments-opened=\"0\" data-image-meta=\"{&quot;aperture&quot;:&quot;1.8&quot;,&quot;credit&quot;:&quot;&quot;,&quot;camera&quot;:&quot;iPhone X&quot;,&quot;caption&quot;:&quot;&quot;,&quot;created_timestamp&quot;:&quot;1559575569&quot;,&quot;copyright&quot;:&quot;&quot;,&quot;focal_length&quot;:&quot;4&quot;,&quot;iso&quot;:&quot;40&quot;,&quot;shutter_speed&quot;:&quot;0.05&quot;,&quot;title&quot;:&quot;&quot;,&quot;orientation&quot;:&quot;1&quot;}\" data-image-title=\"Premio_Mara_1\" data-image-description=\"\" data-medium-file=\"https:\/\/i2.wp.com\/wp.ufpel.edu.br\/leurengeo\/files\/2019\/06\/Premio_Mara_1.jpg?fit=400%2C300&amp;ssl=1\" data-large-file=\"https:\/\/i2.wp.com\/wp.ufpel.edu.br\/leurengeo\/files\/2019\/06\/Premio_Mara_1.jpg?fit=640%2C480&amp;ssl=1\" \/><\/a><\/p>\n<p id=\"caption-attachment-555\" class=\"wp-caption-text\">Reuni\u00e3o na qual foi anunciada a homenagem.<\/p>\n<\/div>\n<p>&nbsp;<\/p>\n<p>De participa\u00e7\u00e3o ativa, participava das reuni\u00f5es de estudo, de planejamento e das atividades dos projetos. Manteve a unidade do laborat\u00f3rio em torno de si ao longo do tempo em que atuou na secretaria. Por suas caracter\u00edsticas de generosidade, alegria e dedica\u00e7\u00e3o, sempre foi muito querida pelos membros do laborat\u00f3rio que encontravam nela uma maneira agrad\u00e1vel de conv\u00edvio e participa\u00e7\u00e3o nas atividades de trabalho.<\/p>\n<div id=\"attachment_556\" class=\"wp-caption aligncenter\"><a href=\"https:\/\/i2.wp.com\/wp.ufpel.edu.br\/leurengeo\/files\/2019\/06\/Premio_Mara_2.jpg?ssl=1\"><img class=\"wp-image-556 size-full\" src=\"https:\/\/i2.wp.com\/wp.ufpel.edu.br\/leurengeo\/files\/2019\/06\/Premio_Mara_2.jpg?resize=640%2C480&amp;ssl=1\" alt=\"\" width=\"640\" height=\"480\" aria-describedby=\"caption-attachment-556\" data-attachment-id=\"556\" data-permalink=\"https:\/\/wp.ufpel.edu.br\/leurengeo\/2019\/06\/04\/mara-lucia-recebera-o-premio-professor-mario-rosa-do-merito-academico-em-geografia-2019\/premio_mara_2\/\" data-orig-file=\"https:\/\/i2.wp.com\/wp.ufpel.edu.br\/leurengeo\/files\/2019\/06\/Premio_Mara_2.jpg?fit=640%2C480&amp;ssl=1\" data-orig-size=\"640,480\" data-comments-opened=\"0\" data-image-meta=\"{&quot;aperture&quot;:&quot;1.8&quot;,&quot;credit&quot;:&quot;&quot;,&quot;camera&quot;:&quot;iPhone X&quot;,&quot;caption&quot;:&quot;&quot;,&quot;created_timestamp&quot;:&quot;1559579725&quot;,&quot;copyright&quot;:&quot;&quot;,&quot;focal_length&quot;:&quot;4&quot;,&quot;iso&quot;:&quot;40&quot;,&quot;shutter_speed&quot;:&quot;0.05&quot;,&quot;title&quot;:&quot;&quot;,&quot;orientation&quot;:&quot;1&quot;}\" data-image-title=\"Premio_Mara_2\" data-image-description=\"\" data-medium-file=\"https:\/\/i2.wp.com\/wp.ufpel.edu.br\/leurengeo\/files\/2019\/06\/Premio_Mara_2.jpg?fit=400%2C300&amp;ssl=1\" data-large-file=\"https:\/\/i2.wp.com\/wp.ufpel.edu.br\/leurengeo\/files\/2019\/06\/Premio_Mara_2.jpg?fit=640%2C480&amp;ssl=1\" \/><\/a><\/p>\n<p id=\"caption-attachment-556\" class=\"wp-caption-text\">Reuni\u00e3o tamb\u00e9m foi motivo para o primeiro \u201cp\u00e3o com mortadela\u201d na nova sede.<\/p>\n<\/div>\n<p>Al\u00e9m disso, Mara L\u00facia era respons\u00e1vel pelo controle dos projetos do laborat\u00f3rio, sempre atenta aos prazos e detalhes operacionais de cada a\u00e7\u00e3o planejada. Sua atua\u00e7\u00e3o foi determinante para o desenvolvimento das atividades do LEUR, garantindo efici\u00eancia e tornando poss\u00edvel os encaminhamentos propostos.<\/p>\n<p>Face a sua atua\u00e7\u00e3o envolvida com a Geografia, especialmente junto ao Laborat\u00f3rio de Estudos Urbanos e Regionais, foi a escolhida para receber a Homenagem\u00a0 Especial do Pr\u00eamio Professor M\u00e1rio Rosa de M\u00e9rito Acad\u00eamico em Geografia.<\/p>\n","protected":false},"excerpt":{"rendered":"<p>A servidora t\u00e9cnica-administrativa aposentada Mara L\u00facia Vasconcelos da Costa foi a escolhida para receber a Homenagem Especial no Pr\u00eamio Professor M\u00e1rio Rosa do M\u00e9rito Acad\u00eamico em Geografia, conferido pelo Laborat\u00f3rio de Estudos Urbanos e Regionais (LEUR) da Geografia\/ICH, na edi\u00e7\u00e3o de 2019. A cerim\u00f4nia de entrega ocorrer\u00e1 no dia 26 de junho de 2018 durante [&hellip;]<\/p>\n","protected":false},"author":486,"featured_media":289,"comment_status":"closed","ping_status":"closed","sticky":false,"template":"","format":"standard","meta":{"jetpack_post_was_ever_published":false,"_jetpack_newsletter_access":"","_jetpack_dont_email_post_to_subs":false,"_jetpack_newsletter_tier_id":0,"_jetpack_memberships_contains_paywalled_content":false,"_jetpack_memberships_contains_paid_content":false,"footnotes":"","jetpack_publicize_message":"","jetpack_publicize_feature_enabled":true,"jetpack_social_post_already_shared":true,"jetpack_social_options":{"image_generator_settings":{"template":"highway","default_image_id":0,"font":"","enabled":false},"version":2}},"categories":[1],"tags":[],"class_list":["post-739","post","type-post","status-publish","format-standard","has-post-thumbnail","hentry","category-noticias"],"jetpack_publicize_connections":[],"jetpack_featured_media_url":"https:\/\/wp.ufpel.edu.br\/seur\/files\/2015\/05\/faq.jpg","jetpack_sharing_enabled":true,"jetpack_shortlink":"https:\/\/wp.me\/p6DF1D-bV","_links":{"self":[{"href":"https:\/\/wp.ufpel.edu.br\/seur\/wp-json\/wp\/v2\/posts\/739","targetHints":{"allow":["GET"]}}],"collection":[{"href":"https:\/\/wp.ufpel.edu.br\/seur\/wp-json\/wp\/v2\/posts"}],"about":[{"href":"https:\/\/wp.ufpel.edu.br\/seur\/wp-json\/wp\/v2\/types\/post"}],"author":[{"embeddable":true,"href":"https:\/\/wp.ufpel.edu.br\/seur\/wp-json\/wp\/v2\/users\/486"}],"replies":[{"embeddable":true,"href":"https:\/\/wp.ufpel.edu.br\/seur\/wp-json\/wp\/v2\/comments?post=739"}],"version-history":[{"count":1,"href":"https:\/\/wp.ufpel.edu.br\/seur\/wp-json\/wp\/v2\/posts\/739\/revisions"}],"predecessor-version":[{"id":741,"href":"https:\/\/wp.ufpel.edu.br\/seur\/wp-json\/wp\/v2\/posts\/739\/revisions\/741"}],"wp:featuredmedia":[{"embeddable":true,"href":"https:\/\/wp.ufpel.edu.br\/seur\/wp-json\/wp\/v2\/media\/289"}],"wp:attachment":[{"href":"https:\/\/wp.ufpel.edu.br\/seur\/wp-json\/wp\/v2\/media?parent=739"}],"wp:term":[{"taxonomy":"category","embeddable":true,"href":"https:\/\/wp.ufpel.edu.br\/seur\/wp-json\/wp\/v2\/categories?post=739"},{"taxonomy":"post_tag","embeddable":true,"href":"https:\/\/wp.ufpel.edu.br\/seur\/wp-json\/wp\/v2\/tags?post=739"}],"curies":[{"name":"wp","href":"https:\/\/api.w.org\/{rel}","templated":true}]}}