{"id":931,"date":"2023-08-04T11:54:40","date_gmt":"2023-08-04T14:54:40","guid":{"rendered":"https:\/\/wp.ufpel.edu.br\/sempgeoufpel\/?p=931"},"modified":"2023-08-04T11:54:40","modified_gmt":"2023-08-04T14:54:40","slug":"ultima-prorrogacao-das-submissoes-de-trabalho","status":"publish","type":"post","link":"https:\/\/wp.ufpel.edu.br\/sempgeoufpel\/2023\/08\/04\/ultima-prorrogacao-das-submissoes-de-trabalho\/","title":{"rendered":"\u00daLTIMA PRORROGA\u00c7\u00c3O DAS SUBMISS\u00d5ES DE TRABALHO"},"content":{"rendered":"<p>A comiss\u00e3o organizadora do X SEMPGEO torna p\u00fablica a <strong>\u00faltima prorroga\u00e7\u00e3o<\/strong> para a submiss\u00e3o de trabalhos para o evento.<\/p>\n<p>As submiss\u00f5es poder\u00e3o ser enviadas at\u00e9 o dia <strong>21 de AGOSTO<\/strong> atrav\u00e9s do e-mail: seminariodoppgeo@gmail.com.<\/p>\n<p>Lembrando que o evento ocorrer\u00e1 nos dias 25, 26, 27 e 28 de outubro de 2023 e valor para a submiss\u00e3o de trabalho \u00e9 de 60,00 que poder\u00e1 ser realizado at\u00e9 21 de SETEMBRO via pix (QRCODE dispon\u00edvel no site do evento ou formul\u00e1rio de submiss\u00e3o).<\/p>\n<p>Para maiores informa\u00e7\u00f5es sobre a submiss\u00e3o de trabalho, clique na tela abaixo:<\/p>\n<blockquote class=\"wp-embedded-content\" data-secret=\"BFTDipi5Jn\"><p><a href=\"https:\/\/wp.ufpel.edu.br\/sempgeoufpel\/2023\/07\/12\/submissao-de-trabalho\/\">Submiss\u00e3o de Trabalho<\/a><\/p><\/blockquote>\n<p><iframe loading=\"lazy\" class=\"wp-embedded-content\" sandbox=\"allow-scripts\" security=\"restricted\" style=\"position: absolute; clip: rect(1px, 1px, 1px, 1px);\" title=\"&#8220;Submiss\u00e3o de Trabalho&#8221; &#8212; Semin\u00e1rio do Programa de P\u00f3s-Gradua\u00e7\u00e3o em Geografia\" src=\"https:\/\/wp.ufpel.edu.br\/sempgeoufpel\/2023\/07\/12\/submissao-de-trabalho\/embed\/#?secret=OkU76G913T#?secret=BFTDipi5Jn\" data-secret=\"BFTDipi5Jn\" width=\"600\" height=\"338\" frameborder=\"0\" marginwidth=\"0\" marginheight=\"0\" scrolling=\"no\"><\/iframe><\/p>\n","protected":false},"excerpt":{"rendered":"<p>A comiss\u00e3o organizadora do X SEMPGEO torna p\u00fablica a \u00faltima prorroga\u00e7\u00e3o para a submiss\u00e3o de trabalhos para o evento. As submiss\u00f5es poder\u00e3o ser enviadas at\u00e9 o dia 21 de AGOSTO atrav\u00e9s do e-mail: seminariodoppgeo@gmail.com. Lembrando que o evento ocorrer\u00e1 nos dias 25, 26, 27 e 28 de outubro de 2023 e valor para a submiss\u00e3o [&hellip;]<\/p>\n","protected":false},"author":202,"featured_media":0,"comment_status":"closed","ping_status":"closed","sticky":false,"template":"","format":"standard","meta":{"_jetpack_memberships_contains_paid_content":false,"footnotes":""},"categories":[1],"tags":[],"class_list":["post-931","post","type-post","status-publish","format-standard","hentry","category-noticias"],"jetpack_featured_media_url":"","jetpack-related-posts":[],"jetpack_sharing_enabled":true,"_links":{"self":[{"href":"https:\/\/wp.ufpel.edu.br\/sempgeoufpel\/wp-json\/wp\/v2\/posts\/931","targetHints":{"allow":["GET"]}}],"collection":[{"href":"https:\/\/wp.ufpel.edu.br\/sempgeoufpel\/wp-json\/wp\/v2\/posts"}],"about":[{"href":"https:\/\/wp.ufpel.edu.br\/sempgeoufpel\/wp-json\/wp\/v2\/types\/post"}],"author":[{"embeddable":true,"href":"https:\/\/wp.ufpel.edu.br\/sempgeoufpel\/wp-json\/wp\/v2\/users\/202"}],"replies":[{"embeddable":true,"href":"https:\/\/wp.ufpel.edu.br\/sempgeoufpel\/wp-json\/wp\/v2\/comments?post=931"}],"version-history":[{"count":2,"href":"https:\/\/wp.ufpel.edu.br\/sempgeoufpel\/wp-json\/wp\/v2\/posts\/931\/revisions"}],"predecessor-version":[{"id":934,"href":"https:\/\/wp.ufpel.edu.br\/sempgeoufpel\/wp-json\/wp\/v2\/posts\/931\/revisions\/934"}],"wp:attachment":[{"href":"https:\/\/wp.ufpel.edu.br\/sempgeoufpel\/wp-json\/wp\/v2\/media?parent=931"}],"wp:term":[{"taxonomy":"category","embeddable":true,"href":"https:\/\/wp.ufpel.edu.br\/sempgeoufpel\/wp-json\/wp\/v2\/categories?post=931"},{"taxonomy":"post_tag","embeddable":true,"href":"https:\/\/wp.ufpel.edu.br\/sempgeoufpel\/wp-json\/wp\/v2\/tags?post=931"}],"curies":[{"name":"wp","href":"https:\/\/api.w.org\/{rel}","templated":true}]}}