{"id":917,"date":"2023-07-25T14:48:05","date_gmt":"2023-07-25T17:48:05","guid":{"rendered":"https:\/\/wp.ufpel.edu.br\/sempgeoufpel\/?p=917"},"modified":"2023-07-25T14:49:21","modified_gmt":"2023-07-25T17:49:21","slug":"processo-seletivo-de-monitoria-para-o-x-sempgeo","status":"publish","type":"post","link":"https:\/\/wp.ufpel.edu.br\/sempgeoufpel\/2023\/07\/25\/processo-seletivo-de-monitoria-para-o-x-sempgeo\/","title":{"rendered":"PROCESSO SELETIVO DE MONITORIA PARA O X SEMPGEO"},"content":{"rendered":"<p>O Programa de P\u00f3s-Gradua\u00e7\u00e3o em Geografia (<b>PPGEO<\/b>) da Universidade Federal de Pelotas (<b>UFPel<\/b>) abre inscri\u00e7\u00f5es para a sele\u00e7\u00e3o de monitores para atuar no X Semin\u00e1rio do Programa de P\u00f3s-Gradua\u00e7\u00e3o em Geografia (<b>SEMPGEO<\/b>).<\/p>\n<p><strong>LEIA ATENTAMENTE:<\/strong><\/p>\n<p>Em acordo com o Projeto Pedag\u00f3gico dos Cursos de Geografia de 2018 e 2019, documento que prev\u00ea a participa\u00e7\u00e3o do graduando em<u> <b>atividade de extens\u00e3o<\/b><\/u> para obten\u00e7\u00e3o do diploma, o SEMPGEO abre inscri\u00e7\u00f5es para a atividade de <b>organiza\u00e7\u00e3o de eventos<\/b> com <b>certifica\u00e7\u00e3o de horas conforme a participa\u00e7\u00e3o<\/b>.<\/p>\n<p><u><i>Requisitos:<\/i><\/u><\/p>\n<ul>\n<li>Para participar da sele\u00e7\u00e3o o candidato (a) deve ser aluno da gradua\u00e7\u00e3o (bacharelado ou licenciatura em Geografia) e estar devidamente matriculado na Universidade Federal de Pelotas (UFPel).<\/li>\n<\/ul>\n<p><u><i>Atribui\u00e7\u00f5es:<\/i><\/u><\/p>\n<ul>\n<li>O graduando atuar\u00e1 juntamente com os alunos da p\u00f3s-gradua\u00e7\u00e3o, na organiza\u00e7\u00e3o do evento, nas datas de 25, 26 e 27 de outubro de 2023, em turno (s) a serem designados posteriormente a sele\u00e7\u00e3o e acordados previamente com os selecionados;<\/li>\n<li>Os graduandos ser\u00e3o orientados e instru\u00eddos pela comiss\u00e3o organizadora do evento, ocorrendo assim, uma prepara\u00e7\u00e3o para atuar no evento;<\/li>\n<li>Os graduandos devem comparecer \u00e0s reuni\u00f5es, geral e de comiss\u00e3o, <b>quando solicitados<\/b> para o repasse de orienta\u00e7\u00f5es. A reuni\u00e3o geral \u00e9 realizada 1 vez por semana e as de comiss\u00f5es conforme necessidade e organiza\u00e7\u00e3o de seus representantes. Sendo assim, os monitores ser\u00e3o convocados com anteced\u00eancia e <b>quando for necess\u00e1rio<\/b>.<\/li>\n<\/ul>\n<p><u><i>Crit\u00e9rio de desempate<\/i>:<\/u><\/p>\n<ul>\n<li>A classifica\u00e7\u00e3o e sele\u00e7\u00e3o se dar\u00e1 <b>por ordem de inscri\u00e7\u00e3o<\/b>, havendo mais inscri\u00e7\u00f5es que vagas dispon\u00edveis, ser\u00e1 organizada no dia da divulga\u00e7\u00e3o dos selecionados <b>uma tabela com suplentes<\/b>, a serem convocados caso haja desist\u00eancia, com no m\u00ednimo tr\u00eas semanas de anteced\u00eancia do evento.<\/li>\n<\/ul>\n<p>&nbsp;<\/p>\n<p><strong>LINK DO FORMUL\u00c1RIO:<\/strong><\/p>\n<p><a href=\"https:\/\/docs.google.com\/forms\/d\/e\/1FAIpQLScdWS8Lhutaan8QK3WSh0veJ2XxoNWTA81ncP7c46FrZKmL9w\/viewform\">https:\/\/docs.google.com\/forms\/d\/e\/1FAIpQLScdWS8Lhutaan8QK3WSh0veJ2XxoNWTA81ncP7c46FrZKmL9w\/viewform<\/a><\/p>\n","protected":false},"excerpt":{"rendered":"<p>O Programa de P\u00f3s-Gradua\u00e7\u00e3o em Geografia (PPGEO) da Universidade Federal de Pelotas (UFPel) abre inscri\u00e7\u00f5es para a sele\u00e7\u00e3o de monitores para atuar no X Semin\u00e1rio do Programa de P\u00f3s-Gradua\u00e7\u00e3o em Geografia (SEMPGEO). LEIA ATENTAMENTE: Em acordo com o Projeto Pedag\u00f3gico dos Cursos de Geografia de 2018 e 2019, documento que prev\u00ea a participa\u00e7\u00e3o do graduando [&hellip;]<\/p>\n","protected":false},"author":202,"featured_media":0,"comment_status":"closed","ping_status":"closed","sticky":false,"template":"","format":"standard","meta":{"_jetpack_memberships_contains_paid_content":false,"footnotes":""},"categories":[1],"tags":[],"class_list":["post-917","post","type-post","status-publish","format-standard","hentry","category-noticias"],"jetpack_featured_media_url":"","jetpack-related-posts":[],"jetpack_sharing_enabled":true,"_links":{"self":[{"href":"https:\/\/wp.ufpel.edu.br\/sempgeoufpel\/wp-json\/wp\/v2\/posts\/917","targetHints":{"allow":["GET"]}}],"collection":[{"href":"https:\/\/wp.ufpel.edu.br\/sempgeoufpel\/wp-json\/wp\/v2\/posts"}],"about":[{"href":"https:\/\/wp.ufpel.edu.br\/sempgeoufpel\/wp-json\/wp\/v2\/types\/post"}],"author":[{"embeddable":true,"href":"https:\/\/wp.ufpel.edu.br\/sempgeoufpel\/wp-json\/wp\/v2\/users\/202"}],"replies":[{"embeddable":true,"href":"https:\/\/wp.ufpel.edu.br\/sempgeoufpel\/wp-json\/wp\/v2\/comments?post=917"}],"version-history":[{"count":2,"href":"https:\/\/wp.ufpel.edu.br\/sempgeoufpel\/wp-json\/wp\/v2\/posts\/917\/revisions"}],"predecessor-version":[{"id":921,"href":"https:\/\/wp.ufpel.edu.br\/sempgeoufpel\/wp-json\/wp\/v2\/posts\/917\/revisions\/921"}],"wp:attachment":[{"href":"https:\/\/wp.ufpel.edu.br\/sempgeoufpel\/wp-json\/wp\/v2\/media?parent=917"}],"wp:term":[{"taxonomy":"category","embeddable":true,"href":"https:\/\/wp.ufpel.edu.br\/sempgeoufpel\/wp-json\/wp\/v2\/categories?post=917"},{"taxonomy":"post_tag","embeddable":true,"href":"https:\/\/wp.ufpel.edu.br\/sempgeoufpel\/wp-json\/wp\/v2\/tags?post=917"}],"curies":[{"name":"wp","href":"https:\/\/api.w.org\/{rel}","templated":true}]}}