{"id":568,"date":"2023-04-07T22:40:18","date_gmt":"2023-04-08T01:40:18","guid":{"rendered":"https:\/\/wp.ufpel.edu.br\/semanamatematica\/?p=568"},"modified":"2023-04-07T22:44:39","modified_gmt":"2023-04-08T01:44:39","slug":"xiv-semana-academica","status":"publish","type":"post","link":"https:\/\/wp.ufpel.edu.br\/semanamatematica\/2023\/04\/07\/xiv-semana-academica\/","title":{"rendered":"XIV Semana Acad\u00eamica"},"content":{"rendered":"<p>Em breve v\u00e3o ser abertas as inscri\u00e7\u00f5es para a XIV Semana Acad\u00eamica.<\/p>\n<p><img class=\"aligncenter wp-image-570\" src=\"https:\/\/wp.ufpel.edu.br\/semanamatematica\/files\/2023\/04\/cartaz-de-divulgacao-de-datas-768x1024.png\" alt=\"\" width=\"500\" height=\"667\" srcset=\"https:\/\/wp.ufpel.edu.br\/semanamatematica\/files\/2023\/04\/cartaz-de-divulgacao-de-datas-768x1024.png 768w, https:\/\/wp.ufpel.edu.br\/semanamatematica\/files\/2023\/04\/cartaz-de-divulgacao-de-datas-300x400.png 300w, https:\/\/wp.ufpel.edu.br\/semanamatematica\/files\/2023\/04\/cartaz-de-divulgacao-de-datas-1152x1536.png 1152w, https:\/\/wp.ufpel.edu.br\/semanamatematica\/files\/2023\/04\/cartaz-de-divulgacao-de-datas-1536x2048.png 1536w\" sizes=\"(max-width: 500px) 100vw, 500px\" \/><\/p>\n","protected":false},"excerpt":{"rendered":"<p>Em breve v\u00e3o ser abertas as inscri\u00e7\u00f5es para a XIV Semana Acad\u00eamica.<\/p>\n","protected":false},"author":734,"featured_media":0,"comment_status":"closed","ping_status":"closed","sticky":false,"template":"","format":"standard","meta":{"_jetpack_memberships_contains_paid_content":false,"footnotes":""},"categories":[1],"tags":[],"class_list":["post-568","post","type-post","status-publish","format-standard","hentry","category-programa"],"jetpack_featured_media_url":"","jetpack_sharing_enabled":true,"_links":{"self":[{"href":"https:\/\/wp.ufpel.edu.br\/semanamatematica\/wp-json\/wp\/v2\/posts\/568","targetHints":{"allow":["GET"]}}],"collection":[{"href":"https:\/\/wp.ufpel.edu.br\/semanamatematica\/wp-json\/wp\/v2\/posts"}],"about":[{"href":"https:\/\/wp.ufpel.edu.br\/semanamatematica\/wp-json\/wp\/v2\/types\/post"}],"author":[{"embeddable":true,"href":"https:\/\/wp.ufpel.edu.br\/semanamatematica\/wp-json\/wp\/v2\/users\/734"}],"replies":[{"embeddable":true,"href":"https:\/\/wp.ufpel.edu.br\/semanamatematica\/wp-json\/wp\/v2\/comments?post=568"}],"version-history":[{"count":4,"href":"https:\/\/wp.ufpel.edu.br\/semanamatematica\/wp-json\/wp\/v2\/posts\/568\/revisions"}],"predecessor-version":[{"id":574,"href":"https:\/\/wp.ufpel.edu.br\/semanamatematica\/wp-json\/wp\/v2\/posts\/568\/revisions\/574"}],"wp:attachment":[{"href":"https:\/\/wp.ufpel.edu.br\/semanamatematica\/wp-json\/wp\/v2\/media?parent=568"}],"wp:term":[{"taxonomy":"category","embeddable":true,"href":"https:\/\/wp.ufpel.edu.br\/semanamatematica\/wp-json\/wp\/v2\/categories?post=568"},{"taxonomy":"post_tag","embeddable":true,"href":"https:\/\/wp.ufpel.edu.br\/semanamatematica\/wp-json\/wp\/v2\/tags?post=568"}],"curies":[{"name":"wp","href":"https:\/\/api.w.org\/{rel}","templated":true}]}}