{"id":555,"date":"2019-06-11T23:50:30","date_gmt":"2019-06-12T02:50:30","guid":{"rendered":"https:\/\/wp.ufpel.edu.br\/semanamatematica\/?p=555"},"modified":"2019-06-11T23:56:05","modified_gmt":"2019-06-12T02:56:05","slug":"transportes","status":"publish","type":"post","link":"https:\/\/wp.ufpel.edu.br\/semanamatematica\/2019\/06\/11\/transportes\/","title":{"rendered":"Transportes"},"content":{"rendered":"<p>Caso seja aluno da UFPel voc\u00ea pode utilizar o transporte de apoio para se deslocar entre os campi (N\u00e3o esque\u00e7a dada carteirinha da UFPel ou atestado de matr\u00edcula acompanhado de documento oficial (com foto)) :<\/p>\n<ul>\n<li><a href=\"https:\/\/wp.ufpel.edu.br\/transporte\/transporte-apoio-pelotas\/\">Transporte de Apoio Pelotas<\/a><\/li>\n<li><a href=\"https:\/\/wp.ufpel.edu.br\/transporte\/transporte-apoio-capaodoleao\/\">Transporte de Apoio Cap\u00e3o do Le\u00e3o<\/a><\/li>\n<\/ul>\n<p>&nbsp;<\/p>\n<p>Caso n\u00e3o seja aluno, para chegar aos campi voc\u00ea pode utilizar o transporte coletivo:<\/p>\n<ul>\n<li>Transporte Coletivo para o Campus Anglo: realizado pelas linhas <strong>Anglo-Cohabpel<\/strong> (<a href=\"http:\/\/www.pratipelotas.com.br\/horarios\">hor\u00e1rio Porto<\/a> e <a href=\"https:\/\/moovitapp.com\/index\/pt-br\/transporte_p%C3%BAblico-line-6192_ANGLO_COHABPEL-Pelotas_e_Rio_Grande-4042-887165-647729-0\">itiner\u00e1rio<\/a>) e <strong>Balsa<\/strong> (<a href=\"http:\/\/www.pratipelotas.com.br\/horarios\">hor\u00e1rios Porto<\/a> e <a href=\"https:\/\/moovitapp.com\/index\/pt-br\/transporte_p%C3%BAblico-line-6191_BALSA_CENTRO-Pelotas_e_Rio_Grande-4042-887165-647726-0\">itiner\u00e1rios<\/a>).<\/li>\n<li>Transporte Coletivo para o Campus Cap\u00e3o do Le\u00e3o: realizado pela <strong>linha Universidade<\/strong> da\u00a0 empresa Santa Silvana\u00a0 (<a href=\"https:\/\/wp.ufpel.edu.br\/semanamatematica\/files\/2019\/06\/Santa-Silvana-\u00f4nibus.jpg\">hor\u00e1rios e itiner\u00e1rios<\/a>).<\/li>\n<\/ul>\n<p>&nbsp;<\/p>\n<p><b>Aten\u00e7\u00e3o: <\/b>Haver\u00e1 \u00f4nibus do transporte de apoio extra para auxiliar no deslocamento, dos alunos da UFPel, do Campus Cap\u00e3o do Le\u00e3o para o campus Anglo, <strong>no final do turno da tarde<\/strong>, de todos os dias do evento para os alunos inscritos at\u00e9 o dia 12\/06.<\/p>\n","protected":false},"excerpt":{"rendered":"<p>Caso seja aluno da UFPel voc\u00ea pode utilizar o transporte de apoio para se deslocar entre os campi (N\u00e3o esque\u00e7a dada carteirinha da UFPel ou atestado de matr\u00edcula acompanhado de documento oficial (com foto)) : Transporte de Apoio Pelotas Transporte de Apoio Cap\u00e3o do Le\u00e3o &nbsp; Caso n\u00e3o seja aluno, para chegar aos campi voc\u00ea [&hellip;]<\/p>\n","protected":false},"author":734,"featured_media":0,"comment_status":"closed","ping_status":"closed","sticky":false,"template":"","format":"standard","meta":{"_jetpack_memberships_contains_paid_content":false,"footnotes":""},"categories":[3],"tags":[],"class_list":["post-555","post","type-post","status-publish","format-standard","hentry","category-transporte"],"jetpack_featured_media_url":"","jetpack_sharing_enabled":true,"_links":{"self":[{"href":"https:\/\/wp.ufpel.edu.br\/semanamatematica\/wp-json\/wp\/v2\/posts\/555","targetHints":{"allow":["GET"]}}],"collection":[{"href":"https:\/\/wp.ufpel.edu.br\/semanamatematica\/wp-json\/wp\/v2\/posts"}],"about":[{"href":"https:\/\/wp.ufpel.edu.br\/semanamatematica\/wp-json\/wp\/v2\/types\/post"}],"author":[{"embeddable":true,"href":"https:\/\/wp.ufpel.edu.br\/semanamatematica\/wp-json\/wp\/v2\/users\/734"}],"replies":[{"embeddable":true,"href":"https:\/\/wp.ufpel.edu.br\/semanamatematica\/wp-json\/wp\/v2\/comments?post=555"}],"version-history":[{"count":2,"href":"https:\/\/wp.ufpel.edu.br\/semanamatematica\/wp-json\/wp\/v2\/posts\/555\/revisions"}],"predecessor-version":[{"id":561,"href":"https:\/\/wp.ufpel.edu.br\/semanamatematica\/wp-json\/wp\/v2\/posts\/555\/revisions\/561"}],"wp:attachment":[{"href":"https:\/\/wp.ufpel.edu.br\/semanamatematica\/wp-json\/wp\/v2\/media?parent=555"}],"wp:term":[{"taxonomy":"category","embeddable":true,"href":"https:\/\/wp.ufpel.edu.br\/semanamatematica\/wp-json\/wp\/v2\/categories?post=555"},{"taxonomy":"post_tag","embeddable":true,"href":"https:\/\/wp.ufpel.edu.br\/semanamatematica\/wp-json\/wp\/v2\/tags?post=555"}],"curies":[{"name":"wp","href":"https:\/\/api.w.org\/{rel}","templated":true}]}}